{"id":176,"date":"2013-04-09T19:01:02","date_gmt":"2013-04-09T17:01:02","guid":{"rendered":"http:\/\/dipse.ro\/constantin\/?p=176"},"modified":"2013-04-21T14:33:37","modified_gmt":"2013-04-21T12:33:37","slug":"cavalerul-trac","status":"publish","type":"post","link":"https:\/\/dipse.ro\/constantin\/cavalerul-trac\/","title":{"rendered":"Cavalerul Trac"},"content":{"rendered":"<p align=\"center\">\u00ab\u00a0<b><i>Eu am f\u0103cut tablourile, s\u0103 vorbeasc\u0103 <b><i>al\u0163ii<\/i><\/b> despre ele<\/i><\/b>\u00a0\u00bb<\/p>\n<p>\u00a0Aceasta era reac\u0163ia pictorului, indiferent cine-i cerea s\u0103 foloseasc\u0103 cuvinte pentru descrierea tablourilor sale. Fire \u015fi spirit liber, C. Dip\u015fe refuza \u2013 la r\u00e2ndul lui &#8211; s\u0103-\u015fi \u00eengr\u0103deasc\u0103 semenii cu explica\u0163ii.<\/p>\n<p>\u00cen expozi\u0163iile so\u0163ului meu am fost mereu prezent\u0103 ca s\u0103 \u00eent\u00e2mpin vizitatorii. Pentru cei ce doreau, evocam uneori c\u00e2teva repere din contextul biografic \u015fi spiritual al artistului, pun\u00e2nd astfel pictura \u00eentr-un context de via\u0163\u0103, necunoscut lor. Reiau demersul pentru cei ce-l vor considera util.<\/p>\n<p style=\"text-align: center;\" align=\"center\"><a href=\"http:\/\/dipse.ro\/constantin\/wp-content\/uploads\/2010\/08\/cavalerul-trac.jpg\"><img loading=\"lazy\" decoding=\"async\" class=\"aligncenter  wp-image-160\" alt=\"cavalerul trac\" src=\"http:\/\/dipse.ro\/constantin\/wp-content\/uploads\/2010\/08\/cavalerul-trac.jpg\" width=\"473\" height=\"426\" srcset=\"https:\/\/dipse.ro\/constantin\/wp-content\/uploads\/2010\/08\/cavalerul-trac.jpg 640w, https:\/\/dipse.ro\/constantin\/wp-content\/uploads\/2010\/08\/cavalerul-trac-300x270.jpg 300w\" sizes=\"auto, (max-width: 473px) 100vw, 473px\" \/><\/a><\/p>\n<p align=\"center\">\u00a0(<em>ulei pe p\u00e2nz\u0103 41&#215;46 cm<\/em>)<\/p>\n<p align=\"center\">Cavalerul Trac este o imagine a ata\u015famentului pictorului la neam \u015fi p\u0103m\u00e2nt.<\/p>\n<p>\u00a0C\u00e2teva repere concrete justific\u0103 firesc sau paradoxal, acest sentiment:<\/p>\n<ul>\n<li>\u00cen 1892 <b>Costan Dip\u015fe<\/b> \u2013 <b>bunicul<\/b> artistului f\u0103cea parte din Delega\u0163ia Memorandi\u015ftilor care ap\u0103ra drepturile rom\u00e2nilor din Transilvania \u00een fa\u021ba \u00eemp\u0103ratul austriac de la Viena.<\/li>\n<\/ul>\n<ul>\n<li>\u00a0\u00cen 1918, la 1 Dcembrie, <b>Ioan Dip\u015fe<\/b> \u2013 tat\u0103l artistului \u2013 f\u0103cea parte din delega\u0163ia din Maramure\u015f la Marea Unire de la Alba Iulia.<\/li>\n<\/ul>\n<ul>\n<li>\u00a0<b>Viorel Dip\u015fe<\/b> \u2013 fratele mai mare al pictorului murea \u00een r\u0103zboi.<\/li>\n<\/ul>\n<ul>\n<li>\u00cen perioada communist\u0103, <b>Gheorghe Dip\u015fe<\/b> \u2013 fratele mai mic al artistului \u2013 suporta 3 condamn\u0103ri cu o deten\u0163ie politic\u0103 de 13 ani pentru credin\u0163a sa greco-catolic\u0103 ce cultiva valorile morale, ce ap\u0103ra unitatea \u015fi demnitatea na\u0163iunii rom\u00e2ne.<\/li>\n<\/ul>\n","protected":false},"excerpt":{"rendered":"<p>\u00ab\u00a0Eu am f\u0103cut tablourile, s\u0103 vorbeasc\u0103 al\u0163ii despre ele\u00a0\u00bb \u00a0Aceasta era reac\u0163ia pictorului, indiferent cine-i cerea s\u0103 foloseasc\u0103 cuvinte pentru descrierea tablourilor sale. Fire \u015fi spirit liber, C. Dip\u015fe refuza \u2013 la r\u00e2ndul lui &#8211; s\u0103-\u015fi \u00eengr\u0103deasc\u0103 semenii cu explica\u0163ii. \u00cen expozi\u0163iile so\u0163ului meu am fost mereu prezent\u0103 ca s\u0103 \u00eent\u00e2mpin vizitatorii. Pentru cei ce [&hellip;]<\/p>\n","protected":false},"author":1,"featured_media":0,"comment_status":"open","ping_status":"open","sticky":false,"template":"","format":"standard","meta":{"footnotes":""},"categories":[25,22,33],"tags":[34],"class_list":["post-176","post","type-post","status-publish","format-standard","hentry","category-25","category-general","category-tablouri","tag-cavalerul-trac"],"_links":{"self":[{"href":"https:\/\/dipse.ro\/constantin\/wp-json\/wp\/v2\/posts\/176","targetHints":{"allow":["GET"]}}],"collection":[{"href":"https:\/\/dipse.ro\/constantin\/wp-json\/wp\/v2\/posts"}],"about":[{"href":"https:\/\/dipse.ro\/constantin\/wp-json\/wp\/v2\/types\/post"}],"author":[{"embeddable":true,"href":"https:\/\/dipse.ro\/constantin\/wp-json\/wp\/v2\/users\/1"}],"replies":[{"embeddable":true,"href":"https:\/\/dipse.ro\/constantin\/wp-json\/wp\/v2\/comments?post=176"}],"version-history":[{"count":0,"href":"https:\/\/dipse.ro\/constantin\/wp-json\/wp\/v2\/posts\/176\/revisions"}],"wp:attachment":[{"href":"https:\/\/dipse.ro\/constantin\/wp-json\/wp\/v2\/media?parent=176"}],"wp:term":[{"taxonomy":"category","embeddable":true,"href":"https:\/\/dipse.ro\/constantin\/wp-json\/wp\/v2\/categories?post=176"},{"taxonomy":"post_tag","embeddable":true,"href":"https:\/\/dipse.ro\/constantin\/wp-json\/wp\/v2\/tags?post=176"}],"curies":[{"name":"wp","href":"https:\/\/api.w.org\/{rel}","templated":true}]}}