{"id":238,"date":"2013-08-29T18:22:11","date_gmt":"2013-08-29T16:22:11","guid":{"rendered":"http:\/\/dipse.ro\/constantin\/?p=238"},"modified":"2013-08-29T18:22:11","modified_gmt":"2013-08-29T16:22:11","slug":"cei-mai-frumosi-copii-sunt-in-surdesti","status":"publish","type":"post","link":"https:\/\/dipse.ro\/constantin\/cei-mai-frumosi-copii-sunt-in-surdesti\/","title":{"rendered":"Cei mai frumo\u015fi copii sunt \u00een \u015eurde\u015fti"},"content":{"rendered":"<p>\u00cen prim\u0103vara aceasta, f\u0103r\u0103 s\u0103-mi anun\u0163 vizita, am b\u0103tut la u\u015f\u0103 \u015fi am intrat \u00een Gr\u0103dini\u0163a din \u015eurde\u015fti aflat\u0103 \u00een incinta \u015fcolii ce poart\u0103 numele pictorului Constantin Dip\u015fe.<\/p>\n<p>Grupa Mare, cu un num\u0103r \u00eensemnat de copii a\u015feza\u0163i \u00een jurul unei mese, tocmai \u00eenv\u0103\u0163au de la educatoare, Dna Maria Mihali, despre culorile calde \u015fi culorile reci, \u00eencerc\u00e2nd s\u0103 le a\u015ftearn\u0103 cu acuarel\u0103 pe h\u00e2rtie, \u00een formele pe care le puteau ei imagina.<\/p>\n<p class=\"MsoNormal\" style=\"text-align: justify; text-indent: 36.0pt;\"><span style=\"mso-ansi-language: RO;\">\u00a0<\/span><a href=\"http:\/\/dipse.ro\/constantin\/wp-content\/uploads\/2013\/08\/IMG_4749.jpg\"><img loading=\"lazy\" decoding=\"async\" class=\"aligncenter size-full wp-image-239\" alt=\"IMG_4749\" src=\"http:\/\/dipse.ro\/constantin\/wp-content\/uploads\/2013\/08\/IMG_4749.jpg\" width=\"452\" height=\"340\" srcset=\"https:\/\/dipse.ro\/constantin\/wp-content\/uploads\/2013\/08\/IMG_4749.jpg 452w, https:\/\/dipse.ro\/constantin\/wp-content\/uploads\/2013\/08\/IMG_4749-300x225.jpg 300w\" sizes=\"auto, (max-width: 452px) 100vw, 452px\" \/><\/a><\/p>\n<p><a href=\"http:\/\/dipse.ro\/constantin\/wp-content\/uploads\/2013\/08\/IMG_4712.jpg\"><img loading=\"lazy\" decoding=\"async\" class=\"aligncenter size-full wp-image-242\" alt=\"IMG_4712\" src=\"http:\/\/dipse.ro\/constantin\/wp-content\/uploads\/2013\/08\/IMG_4712.jpg\" width=\"452\" height=\"340\" srcset=\"https:\/\/dipse.ro\/constantin\/wp-content\/uploads\/2013\/08\/IMG_4712.jpg 452w, https:\/\/dipse.ro\/constantin\/wp-content\/uploads\/2013\/08\/IMG_4712-300x225.jpg 300w\" sizes=\"auto, (max-width: 452px) 100vw, 452px\" \/><\/a><\/p>\n<p><a href=\"http:\/\/dipse.ro\/constantin\/wp-content\/uploads\/2013\/08\/IMG_4718.jpg\"><img loading=\"lazy\" decoding=\"async\" class=\"aligncenter size-full wp-image-243\" alt=\"IMG_4718\" src=\"http:\/\/dipse.ro\/constantin\/wp-content\/uploads\/2013\/08\/IMG_4718.jpg\" width=\"452\" height=\"340\" srcset=\"https:\/\/dipse.ro\/constantin\/wp-content\/uploads\/2013\/08\/IMG_4718.jpg 452w, https:\/\/dipse.ro\/constantin\/wp-content\/uploads\/2013\/08\/IMG_4718-300x225.jpg 300w\" sizes=\"auto, (max-width: 452px) 100vw, 452px\" \/><\/a><\/p>\n<p><a href=\"http:\/\/dipse.ro\/constantin\/wp-content\/uploads\/2013\/08\/IMG_4725.jpg\"><img loading=\"lazy\" decoding=\"async\" class=\"aligncenter size-full wp-image-244\" alt=\"IMG_4725\" src=\"http:\/\/dipse.ro\/constantin\/wp-content\/uploads\/2013\/08\/IMG_4725.jpg\" width=\"452\" height=\"340\" srcset=\"https:\/\/dipse.ro\/constantin\/wp-content\/uploads\/2013\/08\/IMG_4725.jpg 452w, https:\/\/dipse.ro\/constantin\/wp-content\/uploads\/2013\/08\/IMG_4725-300x225.jpg 300w\" sizes=\"auto, (max-width: 452px) 100vw, 452px\" \/><\/a><\/p>\n<p><a href=\"http:\/\/dipse.ro\/constantin\/wp-content\/uploads\/2013\/08\/IMG_4729.jpg\"><img loading=\"lazy\" decoding=\"async\" class=\"aligncenter size-full wp-image-245\" alt=\"IMG_4729\" src=\"http:\/\/dipse.ro\/constantin\/wp-content\/uploads\/2013\/08\/IMG_4729.jpg\" width=\"452\" height=\"340\" srcset=\"https:\/\/dipse.ro\/constantin\/wp-content\/uploads\/2013\/08\/IMG_4729.jpg 452w, https:\/\/dipse.ro\/constantin\/wp-content\/uploads\/2013\/08\/IMG_4729-300x225.jpg 300w\" sizes=\"auto, (max-width: 452px) 100vw, 452px\" \/><\/a><\/p>\n<p>&nbsp;<\/p>\n<p align=\"center\"><b><i>\u00ab\u00a0Acum se leag\u0103 prieteniile care dureaz\u0103\u00a0\u00bb<\/i><\/b><\/p>\n<p>\u00a0Mai apoi am v\u0103zut \u015fi copiii din grupa mic\u0103, at\u00e2t de fragezi \u015fi delica\u0163i, de-\u0163i era team\u0103 s\u0103-i atingi. \u015eedeau pe sc\u0103unele ca de p\u0103pu\u015fi \u015fi colorau cu creioane.<\/p>\n<p>\u00ab\u00a0<i>Cei 2 b\u0103ie\u0163ei sunt prieteni \u015fi se ajut\u0103 unul pe altul\u00a0<\/i>\u00bb a spus educatoarea Doamna Roxana F\u0103t.<\/p>\n<p>Cu siguran\u0163\u0103, pictorului Dip\u015fe i-ar fi pl\u0103cut s\u0103-i vad\u0103.<\/p>\n<p><a href=\"http:\/\/dipse.ro\/constantin\/wp-content\/uploads\/2013\/08\/IMG_4739.jpg\"><img loading=\"lazy\" decoding=\"async\" class=\"aligncenter size-full wp-image-248\" alt=\"IMG_4739\" src=\"http:\/\/dipse.ro\/constantin\/wp-content\/uploads\/2013\/08\/IMG_4739.jpg\" width=\"452\" height=\"340\" srcset=\"https:\/\/dipse.ro\/constantin\/wp-content\/uploads\/2013\/08\/IMG_4739.jpg 452w, https:\/\/dipse.ro\/constantin\/wp-content\/uploads\/2013\/08\/IMG_4739-300x225.jpg 300w\" sizes=\"auto, (max-width: 452px) 100vw, 452px\" \/><\/a><\/p>\n<p><a href=\"http:\/\/dipse.ro\/constantin\/wp-content\/uploads\/2013\/08\/IMG_4740.jpg\"><img loading=\"lazy\" decoding=\"async\" class=\"aligncenter size-full wp-image-249\" alt=\"IMG_4740\" src=\"http:\/\/dipse.ro\/constantin\/wp-content\/uploads\/2013\/08\/IMG_4740.jpg\" width=\"452\" height=\"602\" srcset=\"https:\/\/dipse.ro\/constantin\/wp-content\/uploads\/2013\/08\/IMG_4740.jpg 452w, https:\/\/dipse.ro\/constantin\/wp-content\/uploads\/2013\/08\/IMG_4740-225x300.jpg 225w\" sizes=\"auto, (max-width: 452px) 100vw, 452px\" \/><\/a><\/p>\n<p><a href=\"http:\/\/dipse.ro\/constantin\/wp-content\/uploads\/2013\/08\/IMG_4746.jpg\"><img loading=\"lazy\" decoding=\"async\" class=\"aligncenter size-full wp-image-250\" alt=\"IMG_4746\" src=\"http:\/\/dipse.ro\/constantin\/wp-content\/uploads\/2013\/08\/IMG_4746.jpg\" width=\"452\" height=\"602\" srcset=\"https:\/\/dipse.ro\/constantin\/wp-content\/uploads\/2013\/08\/IMG_4746.jpg 452w, https:\/\/dipse.ro\/constantin\/wp-content\/uploads\/2013\/08\/IMG_4746-225x300.jpg 225w\" sizes=\"auto, (max-width: 452px) 100vw, 452px\" \/><\/a><\/p>\n","protected":false},"excerpt":{"rendered":"<p>\u00cen prim\u0103vara aceasta, f\u0103r\u0103 s\u0103-mi anun\u0163 vizita, am b\u0103tut la u\u015f\u0103 \u015fi am intrat \u00een Gr\u0103dini\u0163a din \u015eurde\u015fti aflat\u0103 \u00een incinta \u015fcolii ce poart\u0103 numele pictorului Constantin Dip\u015fe. Grupa Mare, cu un num\u0103r \u00eensemnat de copii a\u015feza\u0163i \u00een jurul unei mese, tocmai \u00eenv\u0103\u0163au de la educatoare, Dna Maria Mihali, despre culorile calde \u015fi culorile reci, [&hellip;]<\/p>\n","protected":false},"author":1,"featured_media":0,"comment_status":"open","ping_status":"open","sticky":false,"template":"","format":"standard","meta":{"footnotes":""},"categories":[25,1],"tags":[],"class_list":["post-238","post","type-post","status-publish","format-standard","hentry","category-25","category-fara-categorie"],"_links":{"self":[{"href":"https:\/\/dipse.ro\/constantin\/wp-json\/wp\/v2\/posts\/238","targetHints":{"allow":["GET"]}}],"collection":[{"href":"https:\/\/dipse.ro\/constantin\/wp-json\/wp\/v2\/posts"}],"about":[{"href":"https:\/\/dipse.ro\/constantin\/wp-json\/wp\/v2\/types\/post"}],"author":[{"embeddable":true,"href":"https:\/\/dipse.ro\/constantin\/wp-json\/wp\/v2\/users\/1"}],"replies":[{"embeddable":true,"href":"https:\/\/dipse.ro\/constantin\/wp-json\/wp\/v2\/comments?post=238"}],"version-history":[{"count":0,"href":"https:\/\/dipse.ro\/constantin\/wp-json\/wp\/v2\/posts\/238\/revisions"}],"wp:attachment":[{"href":"https:\/\/dipse.ro\/constantin\/wp-json\/wp\/v2\/media?parent=238"}],"wp:term":[{"taxonomy":"category","embeddable":true,"href":"https:\/\/dipse.ro\/constantin\/wp-json\/wp\/v2\/categories?post=238"},{"taxonomy":"post_tag","embeddable":true,"href":"https:\/\/dipse.ro\/constantin\/wp-json\/wp\/v2\/tags?post=238"}],"curies":[{"name":"wp","href":"https:\/\/api.w.org\/{rel}","templated":true}]}}