{"id":261,"date":"2013-10-04T15:52:27","date_gmt":"2013-10-04T13:52:27","guid":{"rendered":"http:\/\/dipse.ro\/constantin\/?p=261"},"modified":"2013-10-04T15:52:27","modified_gmt":"2013-10-04T13:52:27","slug":"96","status":"publish","type":"post","link":"https:\/\/dipse.ro\/constantin\/96\/","title":{"rendered":"96"},"content":{"rendered":"<p>Constantin Dip\u015fe ar fi \u00eemplinit azi, 4 octombrie 2013, v\u00e2rsta de 96 de ani.<\/p>\n<p><a href=\"http:\/\/dipse.ro\/constantin\/wp-content\/uploads\/2013\/10\/img025PRELweb.jpg\"><img loading=\"lazy\" decoding=\"async\" class=\"aligncenter size-full wp-image-262\" alt=\"img025PRELweb\" src=\"http:\/\/dipse.ro\/constantin\/wp-content\/uploads\/2013\/10\/img025PRELweb.jpg\" width=\"452\" height=\"583\" srcset=\"https:\/\/dipse.ro\/constantin\/wp-content\/uploads\/2013\/10\/img025PRELweb.jpg 452w, https:\/\/dipse.ro\/constantin\/wp-content\/uploads\/2013\/10\/img025PRELweb-232x300.jpg 232w\" sizes=\"auto, (max-width: 452px) 100vw, 452px\" \/><\/a><\/p>\n<p style=\"text-align: center;\">(Constantin Dip\u015fe \u00een vara anului 1966,<\/p>\n<p style=\"text-align: center;\">la Expozi\u0163ia de la Sala Galeriilor de Art\u0103)<\/p>\n<p style=\"text-align: center;\"><strong><em>\u00cen fiecare an e &#8222;mai demult&#8221; un pic<\/em><\/strong><\/p>\n<p style=\"text-align: center;\"><strong><em>\u00cen fiecare g\u00e2nd, e\u015fti ca un spic,<\/em><\/strong><\/p>\n<p style=\"text-align: center;\"><strong><em>\u00cen fiecare zi e\u015fti mai senin,<\/em><\/strong><\/p>\n<p style=\"text-align: center;\"><strong><em>Cutreieri, t\u00e2n\u0103r, printr-un cer deplin.<\/em><\/strong><\/p>\n","protected":false},"excerpt":{"rendered":"<p>Constantin Dip\u015fe ar fi \u00eemplinit azi, 4 octombrie 2013, v\u00e2rsta de 96 de ani. (Constantin Dip\u015fe \u00een vara anului 1966, la Expozi\u0163ia de la Sala Galeriilor de Art\u0103) \u00cen fiecare an e &#8222;mai demult&#8221; un pic \u00cen fiecare g\u00e2nd, e\u015fti ca un spic, \u00cen fiecare zi e\u015fti mai senin, Cutreieri, t\u00e2n\u0103r, printr-un cer deplin.<\/p>\n","protected":false},"author":1,"featured_media":0,"comment_status":"open","ping_status":"open","sticky":false,"template":"","format":"standard","meta":{"footnotes":""},"categories":[25,26],"tags":[50,49,48],"class_list":["post-261","post","type-post","status-publish","format-standard","hentry","category-25","category-biografie","tag-50","tag-96-ani","tag-constantin-dipse"],"_links":{"self":[{"href":"https:\/\/dipse.ro\/constantin\/wp-json\/wp\/v2\/posts\/261","targetHints":{"allow":["GET"]}}],"collection":[{"href":"https:\/\/dipse.ro\/constantin\/wp-json\/wp\/v2\/posts"}],"about":[{"href":"https:\/\/dipse.ro\/constantin\/wp-json\/wp\/v2\/types\/post"}],"author":[{"embeddable":true,"href":"https:\/\/dipse.ro\/constantin\/wp-json\/wp\/v2\/users\/1"}],"replies":[{"embeddable":true,"href":"https:\/\/dipse.ro\/constantin\/wp-json\/wp\/v2\/comments?post=261"}],"version-history":[{"count":0,"href":"https:\/\/dipse.ro\/constantin\/wp-json\/wp\/v2\/posts\/261\/revisions"}],"wp:attachment":[{"href":"https:\/\/dipse.ro\/constantin\/wp-json\/wp\/v2\/media?parent=261"}],"wp:term":[{"taxonomy":"category","embeddable":true,"href":"https:\/\/dipse.ro\/constantin\/wp-json\/wp\/v2\/categories?post=261"},{"taxonomy":"post_tag","embeddable":true,"href":"https:\/\/dipse.ro\/constantin\/wp-json\/wp\/v2\/tags?post=261"}],"curies":[{"name":"wp","href":"https:\/\/api.w.org\/{rel}","templated":true}]}}