{"id":27,"date":"2010-10-13T14:40:45","date_gmt":"2010-10-13T14:40:45","guid":{"rendered":"http:\/\/dipse.ro\/constantin\/?p=27"},"modified":"2010-10-13T14:40:45","modified_gmt":"2010-10-13T14:40:45","slug":"adunarea-generala-a-filialei-pictura-a-uniunii-artistilor-plastici","status":"publish","type":"post","link":"https:\/\/dipse.ro\/constantin\/adunarea-generala-a-filialei-pictura-a-uniunii-artistilor-plastici\/","title":{"rendered":"Adunarea Generala a Filialei Pictur\u0103 a Uniunii Arti\u015ftilor Plastici"},"content":{"rendered":"<p>S\u00e2mb\u0103t\u0103 09.10.2010 a avut loc Adunarea general\u0103 de Raportare a activit\u0103\u0163ii \u015fi de alegeri, a Filialei de Pictur\u0103 Bucure\u015fti <\/p>\n<p><strong>SECVEN\u0162E<\/strong><\/p>\n<p>Convocarea a fost pentru orele 9; \u015fedin\u0163a s-a terminat la orele 17.<\/p>\n<p><strong>Secven\u0163a 1<\/strong><br \/>\nConducerea UAP prin Dl. LUCACI &#8211;  precum \u015fi \u201cVechea\u201d Conducere a Filialei de Pictur\u0103 prin Dna Marilena Preda-S\u00e2nc mi-au refuzat dreptul de a figura prezent, precum \u015fi dreptul de a vota, de\u015fi eram reprezentat de so\u0163ia mea prin \u00cemputernicire olograf\u0103 \u015fi Procur\u0103 notarial\u0103.<\/p>\n<p><strong>Secven\u0163a 2<\/strong><\/p>\n<p><strong>INTERVEN\u0162IE &#8211; Maria DIP\u015eE la finalul adun\u0103rii<\/strong><br \/>\n<em>\u201cCuv\u00e2nt c\u0103tre Noua Conducere\u201d<\/em><\/p>\n<p>La aceast\u0103 Adunare general\u0103 \u00eel reprezint pe Pictorul Constantin DIP\u015eE dar am \u015fi statut de (simplu) observator, acordat de dl. Pre\u015fedinte UAP Lucaci.<br \/>\nCa (simplu) observator, am constatat c\u0103 dintr-un amfiteatru plin cu arti\u015fti-pictori din mai multe genera\u0163ii, nimeni nu s-a ridicat s\u0103 fac\u0103 o c\u00e2t de mic\u0103 apreciere privind \u201cmultul\u201d sau \u201coric\u00e2t de pu\u0163inul\u201d pe care conducerea filialei l-a realizat, nici chiar dintre cei care au beneficiat de oportunit\u0103\u0163ile oferite doar lor.<br \/>\nAceast\u0103 absen\u0163\u0103 a feed-back-ului masei de arti\u015fti la realiz\u0103rile Conducerii este simptomatic\u0103 ; ea dovede\u015fte absen\u0163a stimei dintre arti\u015fti, ce las\u0103 s\u0103 se \u00eentrevad\u0103, \u00een toat\u0103 goliciunea lor \u2026  interese diverse.<br \/>\nCunosc via\u0163a UAP \u015fi a filialei de pictur\u0103, de 40 de ani, de c\u00e2nd sunt so\u0163ia pictorului Dip\u015fe. \u00centotdeauna a fost \u201cconcuren\u0163\u0103\u201d, competi\u0163ie \u00eentre arti\u015fti. Dar niciodat\u0103 nu a fost mai pu\u0163in\u0103 stim\u0103 ca \u00een prezent. Cauza s-a eviden\u0163iat chiar \u00een aceast\u0103 adunare general\u0103: Conducerea \u201cveche\u201d nu a cultivat stima ! , a\u015fa a reie\u015fit din cele c\u00e2teva lu\u0103ri de cuv\u00e2nt \u015fi a\u015fa am resim\u0163it \u015fi noi \u00een\u015fine.<\/p>\n<p>\u00cen acest context, MESAJUL pictorului Constantin Dip\u015fe, decanul de v\u00e2rst\u0103 al arti\u015ftilor plastici din Rom\u00e2nia c\u0103tre \u201cNoua Conducere\u201d este acesta : <\/p>\n<p><strong> AR\u0102TA\u0162I  STIM\u0102  TUTUROR CONFRA\u0162ILOR \u015fi FIEC\u0102RUIA \u00ceN PARTE ! <\/p>\n<p>CULTIVA\u0162I  STIMA \u00ceNTRE  ARTI\u015eTI, altfel, tot ce ve\u0163i construi va fi o form\u0103 f\u0103r\u0103 con\u0163inut !<br \/>\n<\/strong><\/p>\n","protected":false},"excerpt":{"rendered":"<p>S\u00e2mb\u0103t\u0103 09.10.2010 a avut loc Adunarea general\u0103 de Raportare a activit\u0103\u0163ii \u015fi de alegeri, a Filialei de Pictur\u0103 Bucure\u015fti SECVEN\u0162E Convocarea a fost pentru orele 9; \u015fedin\u0163a s-a terminat la orele 17. Secven\u0163a 1 Conducerea UAP prin Dl. LUCACI &#8211; precum \u015fi \u201cVechea\u201d Conducere a Filialei de Pictur\u0103 prin Dna Marilena Preda-S\u00e2nc mi-au refuzat dreptul [&hellip;]<\/p>\n","protected":false},"author":1,"featured_media":0,"comment_status":"open","ping_status":"open","sticky":false,"template":"","format":"standard","meta":{"footnotes":""},"categories":[1],"tags":[6,14,11,8,5,13,15,9,4,10,12,7],"class_list":["post-27","post","type-post","status-publish","format-standard","hentry","category-fara-categorie","tag-adunare","tag-artisti-pictori","tag-conducere","tag-confrati","tag-dipse","tag-filiala","tag-imputernicire","tag-lucaci","tag-pictura","tag-preda-sanc","tag-procura-notariala","tag-stima"],"_links":{"self":[{"href":"https:\/\/dipse.ro\/constantin\/wp-json\/wp\/v2\/posts\/27","targetHints":{"allow":["GET"]}}],"collection":[{"href":"https:\/\/dipse.ro\/constantin\/wp-json\/wp\/v2\/posts"}],"about":[{"href":"https:\/\/dipse.ro\/constantin\/wp-json\/wp\/v2\/types\/post"}],"author":[{"embeddable":true,"href":"https:\/\/dipse.ro\/constantin\/wp-json\/wp\/v2\/users\/1"}],"replies":[{"embeddable":true,"href":"https:\/\/dipse.ro\/constantin\/wp-json\/wp\/v2\/comments?post=27"}],"version-history":[{"count":0,"href":"https:\/\/dipse.ro\/constantin\/wp-json\/wp\/v2\/posts\/27\/revisions"}],"wp:attachment":[{"href":"https:\/\/dipse.ro\/constantin\/wp-json\/wp\/v2\/media?parent=27"}],"wp:term":[{"taxonomy":"category","embeddable":true,"href":"https:\/\/dipse.ro\/constantin\/wp-json\/wp\/v2\/categories?post=27"},{"taxonomy":"post_tag","embeddable":true,"href":"https:\/\/dipse.ro\/constantin\/wp-json\/wp\/v2\/tags?post=27"}],"curies":[{"name":"wp","href":"https:\/\/api.w.org\/{rel}","templated":true}]}}