{"id":294,"date":"2013-12-01T13:57:58","date_gmt":"2013-12-01T11:57:58","guid":{"rendered":"http:\/\/dipse.ro\/constantin\/?p=294"},"modified":"2013-12-01T14:00:26","modified_gmt":"2013-12-01T12:00:26","slug":"tatuca-socrul-meu-delegat-la-marea-unire-din-1918","status":"publish","type":"post","link":"https:\/\/dipse.ro\/constantin\/tatuca-socrul-meu-delegat-la-marea-unire-din-1918\/","title":{"rendered":"\u201cT\u0103tuca\u201d, Socrul meu \u2013 delegat la Marea Unire din 1918"},"content":{"rendered":"<p><a href=\"http:\/\/dipse.ro\/constantin\/wp-content\/uploads\/2013\/12\/Tatuca2013-12-01-13.52.33web.jpg\"><img loading=\"lazy\" decoding=\"async\" class=\"aligncenter size-full wp-image-295\" alt=\"Tatuca2013-12-01 13.52.33web\" src=\"http:\/\/dipse.ro\/constantin\/wp-content\/uploads\/2013\/12\/Tatuca2013-12-01-13.52.33web.jpg\" width=\"450\" height=\"585\" srcset=\"https:\/\/dipse.ro\/constantin\/wp-content\/uploads\/2013\/12\/Tatuca2013-12-01-13.52.33web.jpg 450w, https:\/\/dipse.ro\/constantin\/wp-content\/uploads\/2013\/12\/Tatuca2013-12-01-13.52.33web-230x300.jpg 230w\" sizes=\"auto, (max-width: 450px) 100vw, 450px\" \/><\/a><\/p>\n<p><em>1 Decembrie \u00eemi \u00eenvioreaz\u0103 o imagine demult \u00eenchegat\u0103 \u015fi-mi \u00eent\u0103re\u015fte leg\u0103tura cu \u201c<b>T<\/b><b>\u0103<\/b><b>tuca\u201d<\/b>, socrul meu. Mi-l \u00eenchipui undeva \u00een mul\u0163imea de la Alba Iulia \u2013 \u00a0cu delega\u0163ia din Maramure\u015f la pecetluirea Marii Uniri. Parc\u0103-i simt bucuria dar mai ales m\u00e2ndria, poate orgoliul nevinovat ca este ACOLO, reprezent\u00e2ndu-i pe cei l\u0103sa\u0163i acas\u0103, pentru un <b>vis<\/b> pe care \u015fi l-a \u0163esut, nu \u201c\u00eentr-un\u201d birou, ci trudind cu cei 8 prunci laolalt\u0103 pentru mersul tot mai bun al gospod\u0103riei sale.<\/em><\/p>\n<p><em>\u201cT\u0103tuca\u201d &#8211; Socrul meu, <b>Onu<\/b><b>\u0163<\/b><b>u Dip\u015fe<\/b>, adic\u0103 <b>Ioan Dip<\/b><b>\u015f<\/b><b>e din <\/b><b>\u015e<\/b><b>urde<\/b><b>\u015f<\/b><b>ti<\/b> (Maramure\u015f) era nu numai tat\u0103l so\u0163ului meu \u2013 pictorul Costan Dip\u015fe \u2013 ci \u015fi al preotului greco-catolic Gheorghe, cu 13 ani de \u00eenchisoare politic\u0103 pentru credin\u0163\u0103, tat\u0103l lui Viorel mort \u00een r\u0103zboi, al Fr\u0103s\u00e2nii \u00eentotdeauna cu pl\u0103cintele \u015fi supa de g\u0103in\u0103 gata pentru musafiri, tat\u0103l Reghinu\u0163ii care horea m\u00e2ndru \u015fi \u00eempestri\u0163a frumos \u0163es\u0103turile, tat\u0103l lui Teofil care iubea caii, tat\u0103l Iulichii care a trudit l\u00e2ng\u0103 \u201cMihaiu&#8217; Chi\u0163ului\u201d; \u00een sf\u00e2r\u015fit, tat\u0103l lui Victor, cel mai priceput din sat la oblojirea animalelor.<\/em><\/p>\n<p><em>\u201cT\u0103tuca\u201d \u2013 Socrul meu a descoperit polochimul \u2013 un p\u0103m\u00e2nt gras, bun de \u00eengr\u0103\u015f\u0103m\u00e2nt, l-a adus cu spinarea \u015fi mai apoi cu carul ca s\u0103 fac\u0103 s\u0103 creasc\u0103 m\u0103laiul c\u00e2t casa, nu numai pentru el, ci pentru tot satul, c\u0103ci el era \u015fi bir\u0103u, adic\u0103 primar. Era \u015fi judec\u0103tor pentru pricini mai simple; a construit \u015ecoala \u015fi Casa parohiala din sat.<\/em><\/p>\n<p><em>\u201cT\u0103tuca\u201d &#8211; Socrul meu, sear\u0103 de sear\u0103, cu un picior pe un sc\u0103unel citea din Biblie; iar c\u00e2nd a fost \u00een necaz, sprijinindu-se pe aceea\u015fi lectur\u0103 \u201ca cerut \u00een rug\u0103ciunea lui\u201d ajutor. \u015ei a primit&#8230;<\/em><\/p>\n<p><em>Prin credin\u0163\u0103 \u015fi ac\u0163iune a reu\u015fit, \u00eenainte de toate, pentru semenii lui.<\/em><\/p>\n<p>Maria Dip\u015fe<\/p>\n","protected":false},"excerpt":{"rendered":"<p>1 Decembrie \u00eemi \u00eenvioreaz\u0103 o imagine demult \u00eenchegat\u0103 \u015fi-mi \u00eent\u0103re\u015fte leg\u0103tura cu \u201cT\u0103tuca\u201d, socrul meu. Mi-l \u00eenchipui undeva \u00een mul\u0163imea de la Alba Iulia \u2013 \u00a0cu delega\u0163ia din Maramure\u015f la pecetluirea Marii Uniri. Parc\u0103-i simt bucuria dar mai ales m\u00e2ndria, poate orgoliul nevinovat ca este ACOLO, reprezent\u00e2ndu-i pe cei l\u0103sa\u0163i acas\u0103, pentru un vis pe [&hellip;]<\/p>\n","protected":false},"author":1,"featured_media":0,"comment_status":"open","ping_status":"open","sticky":false,"template":"","format":"standard","meta":{"footnotes":""},"categories":[25,26,22],"tags":[29,60,58,57,59],"class_list":["post-294","post","type-post","status-publish","format-standard","hentry","category-25","category-biografie","category-general","tag-surdesti","tag-gheorghe","tag-ioan-dipse","tag-tatuca","tag-viorel"],"_links":{"self":[{"href":"https:\/\/dipse.ro\/constantin\/wp-json\/wp\/v2\/posts\/294","targetHints":{"allow":["GET"]}}],"collection":[{"href":"https:\/\/dipse.ro\/constantin\/wp-json\/wp\/v2\/posts"}],"about":[{"href":"https:\/\/dipse.ro\/constantin\/wp-json\/wp\/v2\/types\/post"}],"author":[{"embeddable":true,"href":"https:\/\/dipse.ro\/constantin\/wp-json\/wp\/v2\/users\/1"}],"replies":[{"embeddable":true,"href":"https:\/\/dipse.ro\/constantin\/wp-json\/wp\/v2\/comments?post=294"}],"version-history":[{"count":0,"href":"https:\/\/dipse.ro\/constantin\/wp-json\/wp\/v2\/posts\/294\/revisions"}],"wp:attachment":[{"href":"https:\/\/dipse.ro\/constantin\/wp-json\/wp\/v2\/media?parent=294"}],"wp:term":[{"taxonomy":"category","embeddable":true,"href":"https:\/\/dipse.ro\/constantin\/wp-json\/wp\/v2\/categories?post=294"},{"taxonomy":"post_tag","embeddable":true,"href":"https:\/\/dipse.ro\/constantin\/wp-json\/wp\/v2\/tags?post=294"}],"curies":[{"name":"wp","href":"https:\/\/api.w.org\/{rel}","templated":true}]}}