{"id":300,"date":"2013-12-07T16:31:50","date_gmt":"2013-12-07T14:31:50","guid":{"rendered":"http:\/\/dipse.ro\/constantin\/?p=300"},"modified":"2013-12-07T16:31:50","modified_gmt":"2013-12-07T14:31:50","slug":"madona-maramureseana-exclamatii-intrebari-opinii","status":"publish","type":"post","link":"https:\/\/dipse.ro\/constantin\/madona-maramureseana-exclamatii-intrebari-opinii\/","title":{"rendered":"Madona Maramure\u015fean\u0103 &#8211; exclama\u0163ii, \u00eentreb\u0103ri, opinii"},"content":{"rendered":"<p>C\u00e2nd a intrat \u00een expozi\u0163ia \u00ab\u00a0Esen\u0163e\u00a0\u00bb (2009), b\u0103t\u00e2nd din palme, o feti\u0163\u0103 de la \u0163ar\u0103, din clasa a II-a a exclamat\u00a0: <b><i>\u00ab\u00a0Uite-o pe Maica Domnului\u00a0!\u00a0\u00bb<\/i><\/b><\/p>\n<p align=\"center\">*<\/p>\n<p>\u00a0<b><i>\u00ab Dar de ce are \u0163\u0103ranca \u015foldurile a\u015fa de largi ?<\/i><\/b>\u00bb a \u00eentrebat o vizitatoare adult\u0103.<\/p>\n<p>F\u0103r\u0103 s\u0103 \u015ftim ce a g\u00e2ndit artistul c\u00e2nd a realizat tabloul, ne putem \u00eendestula pentru r\u0103spuns din versurile axionului\u00ab <i>De tine se bucur\u0103<\/i>\u00a0\u00bb din Liturghiei Sf\u00e2ntului Vasile cel Mare\u00a0:<\/p>\n<p>&nbsp;<\/p>\n<p><i>De tine se bucur\u0103, ceea ce e\u015fti plin\u0103 de har, toat\u0103 f\u0103ptura \u00eengereasc\u0103 \u015fi neamul omenesc, ceea ce e\u015fti biseric\u0103 sfin\u0163it\u0103 \u015fi rai cuv\u00e2nt\u0103tor, <\/i><\/p>\n<p><i>Lauda fecioriei, din care Dumnezeu S-a \u00eentrupat \u015fi Prunc S-a f\u0103cut, Cel mai \u00eenainte de veci, Dumnezeul nostru. <\/i><\/p>\n<p><b><i>C\u0103 s\u00e2nul t\u0103u scaun s-a f\u0103cut \u015fi p\u00e2ntecele t\u0103u mai l\u0103rgit dec\u00e2t cerurile l-a lucrat<\/i><\/b><i>. <\/i><\/p>\n<p><i>De tine se bucur\u0103, ceea ce e\u015fti plin\u0103 de har, toat\u0103 f\u0103ptura, m\u0103rire \u0163ie.<\/i><\/p>\n<p align=\"center\">*<\/p>\n<p>Poate c\u0103 \u00een straiele astea de s\u0103rb\u0103toare \u015fi-o imagineaz\u0103 \u0163\u0103ranii no\u015ftri din Maramure\u015f pe Fecioara Maria, c\u00e2nd se roag\u0103 la ea.<\/p>\n<p align=\"center\">*<\/p>\n<p>Ce \u00ab\u00a0bog\u0103\u0163ii\u00a0\u00bb or fi \u00een lada de zestre pe care st\u0103 a\u015fezat\u0103 Madona\u00a0?<\/p>\n<p>Cu siguran\u0163\u0103, unele spirituale\u2026<\/p>\n<p><a href=\"http:\/\/dipse.ro\/constantin\/wp-content\/uploads\/2010\/08\/madona-cu-pruncul.jpg\"><img loading=\"lazy\" decoding=\"async\" class=\"aligncenter size-full wp-image-214\" alt=\"madona cu pruncul\" src=\"http:\/\/dipse.ro\/constantin\/wp-content\/uploads\/2010\/08\/madona-cu-pruncul.jpg\" width=\"450\" height=\"640\" srcset=\"https:\/\/dipse.ro\/constantin\/wp-content\/uploads\/2010\/08\/madona-cu-pruncul.jpg 450w, https:\/\/dipse.ro\/constantin\/wp-content\/uploads\/2010\/08\/madona-cu-pruncul-210x300.jpg 210w\" sizes=\"auto, (max-width: 450px) 100vw, 450px\" \/><\/a><\/p>\n","protected":false},"excerpt":{"rendered":"<p>C\u00e2nd a intrat \u00een expozi\u0163ia \u00ab\u00a0Esen\u0163e\u00a0\u00bb (2009), b\u0103t\u00e2nd din palme, o feti\u0163\u0103 de la \u0163ar\u0103, din clasa a II-a a exclamat\u00a0: \u00ab\u00a0Uite-o pe Maica Domnului\u00a0!\u00a0\u00bb * \u00a0\u00ab Dar de ce are \u0163\u0103ranca \u015foldurile a\u015fa de largi ?\u00bb a \u00eentrebat o vizitatoare adult\u0103. F\u0103r\u0103 s\u0103 \u015ftim ce a g\u00e2ndit artistul c\u00e2nd a realizat tabloul, ne putem [&hellip;]<\/p>\n","protected":false},"author":1,"featured_media":0,"comment_status":"open","ping_status":"open","sticky":false,"template":"","format":"standard","meta":{"footnotes":""},"categories":[25,22,33],"tags":[24,5,61,62],"class_list":["post-300","post","type-post","status-publish","format-standard","hentry","category-25","category-general","category-tablouri","tag-constantin","tag-dipse","tag-madona-maramureseana","tag-tablou"],"_links":{"self":[{"href":"https:\/\/dipse.ro\/constantin\/wp-json\/wp\/v2\/posts\/300","targetHints":{"allow":["GET"]}}],"collection":[{"href":"https:\/\/dipse.ro\/constantin\/wp-json\/wp\/v2\/posts"}],"about":[{"href":"https:\/\/dipse.ro\/constantin\/wp-json\/wp\/v2\/types\/post"}],"author":[{"embeddable":true,"href":"https:\/\/dipse.ro\/constantin\/wp-json\/wp\/v2\/users\/1"}],"replies":[{"embeddable":true,"href":"https:\/\/dipse.ro\/constantin\/wp-json\/wp\/v2\/comments?post=300"}],"version-history":[{"count":0,"href":"https:\/\/dipse.ro\/constantin\/wp-json\/wp\/v2\/posts\/300\/revisions"}],"wp:attachment":[{"href":"https:\/\/dipse.ro\/constantin\/wp-json\/wp\/v2\/media?parent=300"}],"wp:term":[{"taxonomy":"category","embeddable":true,"href":"https:\/\/dipse.ro\/constantin\/wp-json\/wp\/v2\/categories?post=300"},{"taxonomy":"post_tag","embeddable":true,"href":"https:\/\/dipse.ro\/constantin\/wp-json\/wp\/v2\/tags?post=300"}],"curies":[{"name":"wp","href":"https:\/\/api.w.org\/{rel}","templated":true}]}}