{"id":312,"date":"2014-02-16T07:48:33","date_gmt":"2014-02-16T05:48:33","guid":{"rendered":"http:\/\/dipse.ro\/constantin\/?p=312"},"modified":"2014-02-19T23:21:20","modified_gmt":"2014-02-19T21:21:20","slug":"16-februarie-ziua-familiei-noastre-podul-pentru-furnici","status":"publish","type":"post","link":"https:\/\/dipse.ro\/constantin\/16-februarie-ziua-familiei-noastre-podul-pentru-furnici\/","title":{"rendered":"16 FEBRUARIE \u2013 ZIUA C\u0102S\u0102TORIEI NOASTRE  (\u201ePodul pentru furnici\u201d)"},"content":{"rendered":"<p>\u00cen iarna lui 1970, venisem de la Oradea \u00een Bucure\u015fti, s\u0103 fac o documentare pentru admitere la doctorat. \u00cen pauza de pr\u00e2nz din 16 decembrie, am vizitat cu o cuno\u015ftin\u0163\u0103, atelierul <b>pictorului Constantin Dip\u015fe<\/b> din str. Cosmonau\u0163ilor 41.<\/p>\n<p>M\u0103 aflam \u00een fa\u0163a unui Maramure\u015fan, dar nu era o noutate pentru mine pentru c\u0103, \u00een verile dinainte, cunoscusem oamenii din nordul \u0163\u0103rii.<\/p>\n<p>Invitat\u0103, am luat loc pe o b\u0103ncu\u0163\u0103, la o m\u0103su\u0163\u0103 joas\u0103 cu t\u0103blie de stejar ce purta povara v\u00e2rstei centenare.<\/p>\n<p>\u00cen dup\u0103 amiaza aceea, <b><i>prin vorbe \u00eenso\u0163ite de o subtil\u0103 \u015fi delicat\u0103 gestic\u0103, asemenea unui arhitect-magician, pictorul mi-a explicat cum f\u0103cea el c\u00e2nd era prunc, din fire de paie, pod pentru furnici, ca s\u0103 le ajute s\u0103 treac\u0103 peste un firicel de ap\u0103 \u2013 obstacol \u00een calea lor<\/i>.<\/b><\/p>\n<p>L-am luat foarte \u00een serios, iar \u00een sinea mea eram uimit\u0103 de idee, de \u015ftiin\u0163\u0103 \u015fi de curajul de a face o astfel de construc\u0163ie. C\u00e2t\u0103 pricepere de arhitect trebuia pentru asta, ce m\u0103iestrie\u00a0!<\/p>\n<p>C\u00e2t de vr\u0103jit\u0103 am fost de povestea <b>podului pentru furnici<\/b>, se vede \u00een fotografia f\u0103cut\u0103 de Ctin. Mierlescu, martorul-fotograf al arti\u015ftilor care trecuse pe acolo pentru o scurt\u0103 vizit\u0103.<\/p>\n<p><a href=\"http:\/\/dipse.ro\/constantin\/wp-content\/uploads\/2014\/02\/IMG_6776w.jpg\"><img loading=\"lazy\" decoding=\"async\" class=\"aligncenter size-full wp-image-315\" alt=\"IMG_6776w\" src=\"http:\/\/dipse.ro\/constantin\/wp-content\/uploads\/2014\/02\/IMG_6776w.jpg\" width=\"452\" height=\"325\" srcset=\"https:\/\/dipse.ro\/constantin\/wp-content\/uploads\/2014\/02\/IMG_6776w.jpg 452w, https:\/\/dipse.ro\/constantin\/wp-content\/uploads\/2014\/02\/IMG_6776w-300x215.jpg 300w\" sizes=\"auto, (max-width: 452px) 100vw, 452px\" \/><\/a><\/p>\n<p>Pictorul \u015fi cuno\u015ftin\u0163a comun\u0103, m-au condus la c\u0103minul Groz\u0103ve\u015fti unde eram cazat\u0103. Eu purtam \u00eens\u0103 \u00een suflet, o poveste la care \u00eencepeam s\u0103 fiu complice.<\/p>\n<p>A treia zi, dup\u0103 ce vom fi \u00eencheiat, unul \u2013 ziua de studiu \u015fi cel\u0103lat \u2013 ziua de lucru la \u015fevalet, eu aveam s\u0103 merg din nou la atelierul de pictur\u0103. Cum era o vizit\u0103 anun\u0163at\u0103, i-am dus o garoaf\u0103 \u00eenso\u0163it\u0103 de urm\u0103toarea dedica\u0163ie scris\u0103 \u2013 <i>O floare de pe sufletul Izei \u2013 <\/i>Iza fiind<i> <\/i>numele pe care mi-l luasem c\u00e2nd am fost \u00een Maramure\u015f \u015fi cu care semnam \u00een reviste articole \u015fi diverse traduceri. De\u015fi pictorul a fost rezervat \u00een fa\u0163a gestului meu, eu nu mi-am pierdut buna dispozi\u0163ie.<\/p>\n<p>Acel decembrie nu era deloc friguros a\u015fa c\u0103 am plecat am\u00e2ndoi la plimbare. Din strada Cosmonau\u0163ilor, am traversat Pia\u0163a Amzei \u015fi cur\u00e2nd am ajuns \u00een calea Victoriei, \u0163inta fiind Restaurantul ziari\u015ftilor.<\/p>\n<p>\u00cen dreptul Bibliotecii Academiei Rom\u00e2ne, pictorul s-a oprit brusc \u015fi m-a \u00eentrebat\u00a0:<\/p>\n<p>\u2013<b><i> Vrei s\u0103 fii nevasta mea\u00a0?<\/i><\/b><\/p>\n<p>\u2013 <b><i>Vreau<\/i><\/b><i> <\/i>\u2013 i-am r\u0103spuns f\u0103r\u0103 s\u0103 respir, c\u0103ci dorin\u0163a aceasta, de\u015fi nu mi-o formulasem explicit, s\u0103l\u0103\u015fluia \u00een mine.<\/p>\n<p>\u2013<i> <b>\u00cemi faci prunci\u00a0?<\/b><\/i> a continuat el.<\/p>\n<p>\u2013<i> <b>\u00ce\u0163i fac,<\/b> <\/i>am r\u0103spuns eu, scurt.<\/p>\n<p>Surprin\u015fi de noi \u00een\u015fine, am r\u0103mas \u0163intui\u0163i pe loc, t\u0103cu\u0163i. Fiecare era probabil uimit de victoria at\u00e2t de u\u015for c\u00e2\u015ftigat\u0103 \u00een fa\u0163a celuilalt, dup\u0103 o conversa\u0163ie scurt\u0103 \u015fi nea\u015fteptat de fireasc\u0103 dar cu miz\u0103 at\u00e2t de mare, pentru toat\u0103 via\u0163a. Dup\u0103 c\u00e2teva momente, pictorul<i> <\/i>a ad\u0103ugat<i> <\/i>r\u0103spicat:<\/p>\n<p>\u2013 <b><i>Dar s\u0103 nu-mi ceri nicodat\u0103 s\u0103 fac altceva dec\u00e2t pictur\u0103<\/i>\u2026<\/b><\/p>\n<p><i>Analiz\u00e2nd \u00a0momentul la rece, am \u00een\u0163eles atunci c\u0103 avea deja un angajament la care nu renun\u0163a pentru mine \u2013 \u015fi acela era <b>pictura.<\/b><\/i><\/p>\n<p>Nu-mi mai amintesc vorbele de \u00eencuviin\u0163are prin care am f\u0103cut \u201epactul\u201d, dar \u015ftiu c\u0103 \u00een cei 40 de ani ai c\u0103sniciei noastre, eu l-am respectat. Niciodat\u0103 nu i-am cerut s\u0103 fac\u0103 altceva dec\u00e2t pictur\u0103 \u2013 c\u0103ci eu \u00eens\u0103mi am r\u0103mas \u00eendr\u0103gostit\u0103 de opera lui. Din acea zi, am devenit \u201e<b>M\u0103riuca\u201d<\/b>.<\/p>\n<p>M-am \u00eentors la Oradea, oprindu-m\u0103 la ai mei, \u00een inima Ardealului. P\u0103rin\u0163ii s-au tulburat foarte, ba chiar s-au \u00eengrozit de decizia mea brusc\u0103 de a m\u0103 c\u0103s\u0103tori cu un om din via\u0163a c\u0103ruia nu \u015ftiu dec\u00e2t c\u0103 este pictor \u015fi c\u0103 \u015ftie s\u0103 fac\u0103 din fir de pai, pod pentru furnici.<\/p>\n<p>C\u00e2nd to\u0163i erau \u00eengrijora\u0163i pentru viitorul meu, eu tr\u0103iam doar cu emo\u0163ia \u015fi dorin\u0163a de a-l re\u00eent\u00e2lni pe pictor \u00een atelierul s\u0103u.<\/p>\n<p>Am hot\u0103r\u00e2t s\u0103 ne c\u0103s\u0103torim, eu propun\u00e2nd data de <b>16 februarie (1971)<\/b> care era \u015fi data c\u0103s\u0103toriei p\u0103rin\u0163ilor mei. Eram convins\u0103 c\u0103 data era aceea care-mi aduce noroc.<\/p>\n<p>Pictorul a fost de acord \u015fi mi-a preg\u0103tit o nunt\u0103 ca-n pove\u015fti.<\/p>\n<p><i>De c\u00e2te ori le-am povestit mai tinerilor interlocutori cele de mai sus, le-am semnalat dou\u0103 lucruri: c\u0103 aceast\u0103 \u00eent\u00e2mplare adev\u0103rat\u0103 nu este o re\u0163et\u0103, c\u0103 nu orice \u00eent\u00e2lnire poate fi potrivit\u0103 pentru c\u0103s\u0103torie, dup\u0103 3 zile; c\u0103 data de 16 februarie nu este \u00een sine purt\u0103toarea norocului, ea nu este una \u00eenc\u0103rcat\u0103 cu valen\u0163e speciale de noroc care se revars\u0103 asupra celor ce o aleg. Prin op\u0163iunea pentru 16 februarie, eu alegeam de fapt, modelul de via\u0163\u0103 al p\u0103rin\u0163ilor mei, exemplul de familie unit\u0103, decis\u0103 s\u0103 reziste \u00een fa\u0163a greut\u0103\u0163ilor.<\/i><\/p>\n<p style=\"text-align: right;\"><strong>M\u0103riuca Dip\u015fe<\/strong><\/p>\n","protected":false},"excerpt":{"rendered":"<p>\u00cen iarna lui 1970, venisem de la Oradea \u00een Bucure\u015fti, s\u0103 fac o documentare pentru admitere la doctorat. \u00cen pauza de pr\u00e2nz din 16 decembrie, am vizitat cu o cuno\u015ftin\u0163\u0103, atelierul pictorului Constantin Dip\u015fe din str. Cosmonau\u0163ilor 41. M\u0103 aflam \u00een fa\u0163a unui Maramure\u015fan, dar nu era o noutate pentru mine pentru c\u0103, \u00een verile [&hellip;]<\/p>\n","protected":false},"author":1,"featured_media":0,"comment_status":"open","ping_status":"open","sticky":false,"template":"","format":"standard","meta":{"footnotes":""},"categories":[63,26,22],"tags":[68,69,67,70,24,65,66,5,72,43,71],"class_list":["post-312","post","type-post","status-publish","format-standard","hentry","category-63","category-biografie","category-general","tag-16-februarie","tag-69","tag-aniversare","tag-bucuresti","tag-constantin","tag-costan","tag-casatorie","tag-dipse","tag-maramuresean","tag-maria","tag-pod-pentru-furnici"],"_links":{"self":[{"href":"https:\/\/dipse.ro\/constantin\/wp-json\/wp\/v2\/posts\/312","targetHints":{"allow":["GET"]}}],"collection":[{"href":"https:\/\/dipse.ro\/constantin\/wp-json\/wp\/v2\/posts"}],"about":[{"href":"https:\/\/dipse.ro\/constantin\/wp-json\/wp\/v2\/types\/post"}],"author":[{"embeddable":true,"href":"https:\/\/dipse.ro\/constantin\/wp-json\/wp\/v2\/users\/1"}],"replies":[{"embeddable":true,"href":"https:\/\/dipse.ro\/constantin\/wp-json\/wp\/v2\/comments?post=312"}],"version-history":[{"count":0,"href":"https:\/\/dipse.ro\/constantin\/wp-json\/wp\/v2\/posts\/312\/revisions"}],"wp:attachment":[{"href":"https:\/\/dipse.ro\/constantin\/wp-json\/wp\/v2\/media?parent=312"}],"wp:term":[{"taxonomy":"category","embeddable":true,"href":"https:\/\/dipse.ro\/constantin\/wp-json\/wp\/v2\/categories?post=312"},{"taxonomy":"post_tag","embeddable":true,"href":"https:\/\/dipse.ro\/constantin\/wp-json\/wp\/v2\/tags?post=312"}],"curies":[{"name":"wp","href":"https:\/\/api.w.org\/{rel}","templated":true}]}}