{"id":325,"date":"2014-02-24T20:47:51","date_gmt":"2014-02-24T18:47:51","guid":{"rendered":"http:\/\/dipse.ro\/constantin\/?p=325"},"modified":"2014-02-24T20:47:51","modified_gmt":"2014-02-24T18:47:51","slug":"scrisoare-catre-grigore-hagiu","status":"publish","type":"post","link":"https:\/\/dipse.ro\/constantin\/scrisoare-catre-grigore-hagiu\/","title":{"rendered":"Scrisoare c\u0103tre Grigore Hagiu"},"content":{"rendered":"<p>\u00cen 12 februarie 1985, le scriam p\u0103rin\u0163ilor mei (din Ocna Mure\u015f) despre:<\/p>\n<p><b><i>\u201cUn foarte bun prieten al nostru, poetul Grigore Hagiu care a fost \u015fi la nunta noastr\u0103, s-a culcat cu gazul aprins [din cauza frigului]; partenera lui a murit iar el a fost reanimat, scos din com\u0103\u2026<\/i><\/b><\/p>\n<p><b><i>De\u015fi a fost frig duminica trecut\u0103 \u015fi un ghe\u0163u\u015f mare \u015fi autobuzele nu circulau, m-am dus totu\u015fi la spital \u015fi i-am dus un pahar (de mu\u015ftar) cu miere cu polen. A vorbit cu mine mai mult dec\u00e2t cu al\u0163ii \u015fi i-am promis c\u0103 mai merg\u201d<\/i><\/b><\/p>\n<p>&nbsp;<\/p>\n<p>Drag\u0103 Grigore,<\/p>\n<p>Deoarece nu mi-am putut \u0163ine promisiunea de a te vizita din nou &#8211; tu ai plecat dintre noi \u00een grab\u0103, \u00een 13 februarie &#8211; te rog s\u0103 prime\u015fti cu inima deschis\u0103 g\u00e2ndurile noastre calde azi, c\u00e2nd din familia Dip\u015fe am r\u0103mas aici doar eu \u015fi fiul nostru Ionu\u0163.<\/p>\n<p>Cred c\u0103 te-ai \u201creg\u0103sit\u201d cu Costan &#8211; care a luat acum 3 ani (2010) <i>calea<\/i> pe care tu te-ai \u00eenscris de aproape 3 decenii (1985). Prietenia voastr\u0103 a fost un adev\u0103r pre\u0163ios, pentru c\u0103 s-a construit pe aprecierea reciproc\u0103 a valorii etice \u015fi artistice. Ea poate r\u0103m\u00e2ne un model \u015fi pentru al\u0163ii.<\/p>\n<p>\u00cenzestrat cu sim\u0163ul cunoa\u015fterii oamenilor, dublat de voca\u0163ia prieteniei, tu ai fost acela care i-a condus pe Nichita St\u0103nescu, pe Nicolae Breban \u00een atelierul de pictur\u0103 a lui\u00a0 Costan Dip\u015fe \u2013 loc de reflec\u0163ii poetice, artistice, filozofice, pentru voi \u015fi pentru al\u0163i arti\u015fti \u015fi scriitori.<\/p>\n<p>De fapt, tu erai pentru Costan, mai mult dec\u00e2t un prieten; erai \u201cfratele\u201d de care pictorul, refugiat din Maramure\u015f \u015fi izolat de familia lui, avea, at\u00e2t de mult\u0103 nevoie \u00een fr\u0103m\u00e2nt\u0103rile lui.<\/p>\n<p>\u00cempreun\u0103 cu so\u0163ia ta, buna \u015fi talentata poet\u0103 Ana, a\u0163i fost martori la cununia noastr\u0103 religioas\u0103 din 21 februarie 1971, de la Biserica Palatului Br\u00e2ncovenesc de la Mogo\u015foaia.<\/p>\n<p style=\"text-align: center;\"><b>\u00a0<a href=\"http:\/\/dipse.ro\/constantin\/wp-content\/uploads\/2014\/02\/foto-1w.jpg\"><img loading=\"lazy\" decoding=\"async\" class=\"aligncenter size-full wp-image-328\" alt=\"foto 1w\" src=\"http:\/\/dipse.ro\/constantin\/wp-content\/uploads\/2014\/02\/foto-1w.jpg\" width=\"450\" height=\"304\" srcset=\"https:\/\/dipse.ro\/constantin\/wp-content\/uploads\/2014\/02\/foto-1w.jpg 450w, https:\/\/dipse.ro\/constantin\/wp-content\/uploads\/2014\/02\/foto-1w-300x202.jpg 300w\" sizes=\"auto, (max-width: 450px) 100vw, 450px\" \/><\/a><\/b><b>Dna. Vulpe, Ana Hagiu, Grigore Hagiu, Gina Hagiu, Dna. Piliu\u0163\u0103, Ctin. Piliu\u0163\u0103<\/b><\/p>\n<p>Mai apoi, \u00een aceea\u015fi sear\u0103, tu le-ai vorbit mesenilor &#8211; cu o <i>solemnitate de amvon; <\/i>ai vorbit ca o Ursitoare Bun\u0103, transmi\u0163\u00e2ndu-ne \u2013 sub z\u00e2mbet sau sub chipul sobru \u2013 frumuse\u0163ea \u015fi bl\u00e2nde\u0163ea g\u00e2ndurilor tale. \u00cen fapt, erai o con\u015ftiin\u0163\u0103 preocupat\u0103 de soarta prietenului t\u0103u Costan, dar mai ales de soarta picturii lui, \u00een universul c\u0103rora intram \u2013printr-un <i>coup de foudre<\/i> \u2013 eu,\u00a0 M\u0103riuca, cobor\u00e2toare tot din Ardeal.<\/p>\n<p style=\"text-align: center;\"><a href=\"http:\/\/dipse.ro\/constantin\/wp-content\/uploads\/2014\/02\/foto-2w.jpg\"><img loading=\"lazy\" decoding=\"async\" class=\"aligncenter size-full wp-image-329\" alt=\"foto 2w\" src=\"http:\/\/dipse.ro\/constantin\/wp-content\/uploads\/2014\/02\/foto-2w.jpg\" width=\"450\" height=\"293\" srcset=\"https:\/\/dipse.ro\/constantin\/wp-content\/uploads\/2014\/02\/foto-2w.jpg 450w, https:\/\/dipse.ro\/constantin\/wp-content\/uploads\/2014\/02\/foto-2w-300x195.jpg 300w\" sizes=\"auto, (max-width: 450px) 100vw, 450px\" \/><\/a><b>Ana \u015fi Grigore Hagiu, Gina Hagiu, Ctin. Piliu\u0163\u0103<\/b><\/p>\n<p style=\"text-align: center;\"><a href=\"http:\/\/dipse.ro\/constantin\/wp-content\/uploads\/2014\/02\/foto-3w.jpg\"><img loading=\"lazy\" decoding=\"async\" class=\"aligncenter size-full wp-image-330\" alt=\"foto 3w\" src=\"http:\/\/dipse.ro\/constantin\/wp-content\/uploads\/2014\/02\/foto-3w.jpg\" width=\"452\" height=\"351\" srcset=\"https:\/\/dipse.ro\/constantin\/wp-content\/uploads\/2014\/02\/foto-3w.jpg 452w, https:\/\/dipse.ro\/constantin\/wp-content\/uploads\/2014\/02\/foto-3w-300x232.jpg 300w\" sizes=\"auto, (max-width: 452px) 100vw, 452px\" \/><\/a><b>Grigore Hagiu, Ctin Piliu\u0163\u0103, Eugen Popa, Gina Hagiu.<\/b><\/p>\n<p>Prezen\u0163a ta de \u201cfrate\u201d\u00a0 a fost distinct\u0103 \u015fi distins\u0103 \u015fi c\u00e2nd \u00eel acompaniai pe Costan \u00een a\u015fteptarea emo\u0163ionat\u0103 a ivirii zorilor, ca s\u0103 veni\u0163i la gar\u0103 unde sosea trenul de la Oradea; eu f\u0103ceam naveta de la serviciul din Oradea, la so\u0163ul din Bucure\u015fti. De pe peronul g\u0103rii, voi doi m\u0103 \u00eent\u00e2mpina\u0163i de fiecare dat\u0103 cu exclama\u0163ia <b><i>Vine M\u0103riuca! Vine M\u0103riuca!<\/i><\/b> gr\u0103bi\u0163i s\u0103-mi recita\u0163i versurile g\u0103tite \u015fi preg\u0103tite pentru aceast\u0103 nou\u0103 \u00eent\u00e2lnire. Pentru mine aceast\u0103 primire era <b>covorul ro\u015fu<\/b> ce, dincolo de emo\u0163ie, m\u0103 conducea spre o \u201ccas\u0103 primitoare, plin\u0103 de c\u0103ldur\u0103, de statornicie \u015fi de siguran\u0163\u0103\u201d.<\/p>\n<p>Pentru prezen\u0163a ta minunat\u0103 \u00een via\u0163a lui Costan \u015fi a \u00eentregii noastre familii, pentru r\u00e2ndurile din \u201c<b>Cartea cu prieteni<\/b>, \u00een care ai surprins mai bine ca nimeni altul esen\u0163a existen\u0163ei pictorului C. Dip\u015fe, noi \u2013 M\u0103riuca \u015fi Ionu\u0163 ai lui Costan \u2013 \u00ee\u0163i p\u0103str\u0103m o profund\u0103 recuno\u015ftin\u0163\u0103 \u015fi o duioas\u0103 amintire.<\/p>\n<p align=\"right\">Maria Dip\u015fe<\/p>\n<p>\u00a0\u201c<i>De c\u00e2nd \u00eel cunosc, \u015fi-l cunosc de mult\u0103 vreme, conduita lui mi s-a p\u0103rut dintre cele mai alese\u2026.<\/i><\/p>\n<p><i>Neinfluen\u0163at de nici o mod\u0103, statornicit \u00een preocup\u0103rile lui, artistul reu\u015fe\u015fte, tocmai prin marea concrete\u0163e a lumii sale descrise, s\u0103 dep\u0103\u015feasc\u0103 realitatea imediat\u0103, ridic\u00e2nd-o \u00een zona miraculoas\u0103 a simbolului. Este o lume redus\u0103 la esen\u0163\u0103, conturat\u0103 precis, cu oameni pe care i-am \u015fti parc\u0103 dintotdeauna, \u00eencadra\u0163i mereu \u00eentr-un peisaj care este deopotriv\u0103 al muncii \u015fi al sufletului lor\u2026.<\/i><\/p>\n<p><i>Gama coloristic\u0103 a lui Constantin Dip\u015fe este aspr\u0103, tran\u015fant\u0103, violent\u0103. \u00cen miezul ei \u00eens\u0103, \u00eentr-o continu\u0103 dispersie \u015fi aglutinare, o culoare se distinge net: un ro\u015fu arz\u0103tor, penetrant, numai al lui; un nucleu de foc \u015fi vitalitate care iradiaz\u0103 \u00eentreaga palet\u0103; la fl\u0103c\u0103rile lui, toate celelalte aliaje, indiscutabil mai fragile, se desfac \u015fi se recompun; el \u00eensu\u015fi se apas\u0103 greu, se arde \u00een\u0103bu\u015fit \u015fi chinuitor pe sine, cu flam\u0103 sub\u0163ire sporit\u0103, c\u0103p\u0103t\u00e2nd concentra\u0163ie \u015fi str\u0103lucire de rubin\u2026\u201d <\/i><b>Grigore Hagiu<\/b><i> \u2013 extras din <\/i>\u201c<b>Cartea cu prieteni<\/b>\u201d<\/p>\n","protected":false},"excerpt":{"rendered":"<p>\u00cen 12 februarie 1985, le scriam p\u0103rin\u0163ilor mei (din Ocna Mure\u015f) despre: \u201cUn foarte bun prieten al nostru, poetul Grigore Hagiu care a fost \u015fi la nunta noastr\u0103, s-a culcat cu gazul aprins [din cauza frigului]; partenera lui a murit iar el a fost reanimat, scos din com\u0103\u2026 De\u015fi a fost frig duminica trecut\u0103 \u015fi [&hellip;]<\/p>\n","protected":false},"author":1,"featured_media":0,"comment_status":"open","ping_status":"open","sticky":false,"template":"","format":"standard","meta":{"footnotes":""},"categories":[63,26,22],"tags":[69,78,70,48,79,81,80,73,74,75,76,77],"class_list":["post-325","post","type-post","status-publish","format-standard","hentry","category-63","category-biografie","category-general","tag-69","tag-ana-hagiu","tag-bucuresti","tag-constantin-dipse","tag-constantin-piliuta","tag-eugen-popa","tag-gina-hagiu","tag-grigore-hagiu","tag-maria-dipse","tag-mogosoaia","tag-palatul-brancovenesc","tag-unta"],"_links":{"self":[{"href":"https:\/\/dipse.ro\/constantin\/wp-json\/wp\/v2\/posts\/325","targetHints":{"allow":["GET"]}}],"collection":[{"href":"https:\/\/dipse.ro\/constantin\/wp-json\/wp\/v2\/posts"}],"about":[{"href":"https:\/\/dipse.ro\/constantin\/wp-json\/wp\/v2\/types\/post"}],"author":[{"embeddable":true,"href":"https:\/\/dipse.ro\/constantin\/wp-json\/wp\/v2\/users\/1"}],"replies":[{"embeddable":true,"href":"https:\/\/dipse.ro\/constantin\/wp-json\/wp\/v2\/comments?post=325"}],"version-history":[{"count":0,"href":"https:\/\/dipse.ro\/constantin\/wp-json\/wp\/v2\/posts\/325\/revisions"}],"wp:attachment":[{"href":"https:\/\/dipse.ro\/constantin\/wp-json\/wp\/v2\/media?parent=325"}],"wp:term":[{"taxonomy":"category","embeddable":true,"href":"https:\/\/dipse.ro\/constantin\/wp-json\/wp\/v2\/categories?post=325"},{"taxonomy":"post_tag","embeddable":true,"href":"https:\/\/dipse.ro\/constantin\/wp-json\/wp\/v2\/tags?post=325"}],"curies":[{"name":"wp","href":"https:\/\/api.w.org\/{rel}","templated":true}]}}