{"id":350,"date":"2014-05-29T05:39:11","date_gmt":"2014-05-29T03:39:11","guid":{"rendered":"http:\/\/dipse.ro\/constantin\/?p=350"},"modified":"2014-05-29T05:39:11","modified_gmt":"2014-05-29T03:39:11","slug":"sarbatorim-inaltarea-privind-spre-cer","status":"publish","type":"post","link":"https:\/\/dipse.ro\/constantin\/sarbatorim-inaltarea-privind-spre-cer\/","title":{"rendered":"S\u0103rb\u0103torim \u00ceN\u0102L\u0162AREA privind spre CER"},"content":{"rendered":"<p>\u00cen ziarul \u201cGraiul Maramure\u015fului\u201d din 22 mai a.c. tocmai a ap\u0103rut articolul <em>Casa memorial\u0103 Dip\u015fe \u2013 din \u015eurde\u015fti \u2013 \u00eendemn la unire<\/em> semnat de Maria \u015fi Ionu\u0163 Dip\u015fe.<\/p>\n<p>Ce bucurie! Un \u00eendemn la <strong>unire \u015fi la f\u0103ptuire<\/strong>. Dar, departe de a fi vorba doar de \u201dCasa Dip\u015fe\u201d aici se reg\u0103se\u015fte \u00eentregul sat, acela care \u015fi-a construit o biseric\u0103 ce pare s\u0103 ating\u0103 Cerul. \u015ei nu doar un sat, ci ne reg\u0103sim noi to\u0163i cei lega\u0163i de aceast\u0103 \u0163ar\u0103 pentru care, vremurile acestea sunt o piatr\u0103 de \u00eencercare.<\/p>\n<p>Azi s\u0103rb\u0103torim <strong>\u00cen\u0103l\u0163area<\/strong>, pe care ni\u015fte min\u0163i luminate \u015fi ni\u015fte inimi fierbin\u0163i au dedicat-o <strong>Eroilor<\/strong>, celor care <strong>nu au privit \u00een p\u0103m\u00e2nt ci \u015fi-au ridicat ochii spre cer <\/strong>\u015fi\u00a0 au urmat pilda Domnului. Cu credin\u0163\u0103 \u015fi curaj! Cu curaj \u015fi cu credin\u0163\u0103! Mai ales cu credin\u0163\u0103, c\u0103ci de acolo vine puterea \u015fi via\u0163a cea adev\u0103rat\u0103!<\/p>\n<p>Am fost \u00een var\u0103 la \u015eurde\u015fti \u015fi am v\u0103zut cu ochii mei locul unde s-a n\u0103scut so\u0163ul prietenei mele din copil\u0103rie, pictorul Costan \/ Constantin Dip\u015fe. \u0162in bine minte: \u00eentotdeauna, din conversa\u0163iile cu el \u0163\u00e2\u015fnea ceva deosebit, chiar dac\u0103 vorbele p\u0103reau obi\u015fnuite, de \u201efiecare zi\u201d. Odat\u0103 l-am \u00eentrebat cum se poate explica rezisten\u0163a neamului nostru la at\u00e2ta urgie ce s-a ab\u0103tut asupra lui. Mi-a r\u0103spuns simplu: <strong>CREDIN\u0162A<\/strong>! Dar a spus-o at\u00e2t de simplu \u2013 c\u0103ci el \u00eensu\u015fi era un omextraordinar de simplu, de modest! \u2013 c\u0103 nu puteai s\u0103 nu te sim\u0163i p\u0103truns de adev\u0103rul celor spuse de el. Nu retoric\u0103 ci tr\u0103ire, nu frumos ci adev\u0103rat. Costan era un \u0163\u0103ran luminat. Nu doar \u015fcolit, ci luminat cu lumina pe care a sorbit-o din s\u00e2ngele neamului s\u0103u. La propriu \u015fi la figurat.<\/p>\n<p>Tot simplu mi-a spus \u015fi M\u0103riuca Dip\u015fe, mai anul trecut, \u00eentr-o diminea\u0163\u0103, \u00een curtea nepoatei lor \u2013 Parasca din \u015eurde\u015fti \u2013 uit\u00e2ndu-se la cerul limpede f\u0103r\u0103 urm\u0103 de nor: \u201e<em>Uite, primul lucru pe care l-ar fi f\u0103cut Costan, ie\u015find afar\u0103: s-ar fi uitat spre cer<\/em>.\u201d Nu era retoric\u0103 \u00een ce spunea M\u0103riuca, ci un adev\u0103r simplu care \u0163inea de tr\u0103irea fireasc\u0103 a oamenilor ce p\u0103streaz\u0103 \u00eenc\u0103 leg\u0103tura cu &#8230;p\u0103m\u00e2ntul!<\/p>\n<p>S\u0103 privim spre Cer, \u015fi s\u0103 ne g\u00e2ndim la unire \u015fi f\u0103ptuire.<\/p>\n<p>dr. Ileana Bucurenciu<\/p>\n","protected":false},"excerpt":{"rendered":"<p>\u00cen ziarul \u201cGraiul Maramure\u015fului\u201d din 22 mai a.c. tocmai a ap\u0103rut articolul Casa memorial\u0103 Dip\u015fe \u2013 din \u015eurde\u015fti \u2013 \u00eendemn la unire semnat de Maria \u015fi Ionu\u0163 Dip\u015fe. Ce bucurie! Un \u00eendemn la unire \u015fi la f\u0103ptuire. Dar, departe de a fi vorba doar de \u201dCasa Dip\u015fe\u201d aici se reg\u0103se\u015fte \u00eentregul sat, acela care \u015fi-a [&hellip;]<\/p>\n","protected":false},"author":1,"featured_media":0,"comment_status":"open","ping_status":"open","sticky":false,"template":"","format":"standard","meta":{"footnotes":""},"categories":[63,1,22],"tags":[90,65,89,5,88,91,92],"class_list":["post-350","post","type-post","status-publish","format-standard","hentry","category-63","category-fara-categorie","category-general","tag-inaltare","tag-costan","tag-credinta","tag-dipse","tag-mariuca","tag-parasca","tag-ziua-eroilor"],"_links":{"self":[{"href":"https:\/\/dipse.ro\/constantin\/wp-json\/wp\/v2\/posts\/350","targetHints":{"allow":["GET"]}}],"collection":[{"href":"https:\/\/dipse.ro\/constantin\/wp-json\/wp\/v2\/posts"}],"about":[{"href":"https:\/\/dipse.ro\/constantin\/wp-json\/wp\/v2\/types\/post"}],"author":[{"embeddable":true,"href":"https:\/\/dipse.ro\/constantin\/wp-json\/wp\/v2\/users\/1"}],"replies":[{"embeddable":true,"href":"https:\/\/dipse.ro\/constantin\/wp-json\/wp\/v2\/comments?post=350"}],"version-history":[{"count":0,"href":"https:\/\/dipse.ro\/constantin\/wp-json\/wp\/v2\/posts\/350\/revisions"}],"wp:attachment":[{"href":"https:\/\/dipse.ro\/constantin\/wp-json\/wp\/v2\/media?parent=350"}],"wp:term":[{"taxonomy":"category","embeddable":true,"href":"https:\/\/dipse.ro\/constantin\/wp-json\/wp\/v2\/categories?post=350"},{"taxonomy":"post_tag","embeddable":true,"href":"https:\/\/dipse.ro\/constantin\/wp-json\/wp\/v2\/tags?post=350"}],"curies":[{"name":"wp","href":"https:\/\/api.w.org\/{rel}","templated":true}]}}