{"id":355,"date":"2014-09-26T19:38:26","date_gmt":"2014-09-26T17:38:26","guid":{"rendered":"http:\/\/dipse.ro\/constantin\/?p=355"},"modified":"2014-09-26T19:38:26","modified_gmt":"2014-09-26T17:38:26","slug":"spune","status":"publish","type":"post","link":"https:\/\/dipse.ro\/constantin\/spune\/","title":{"rendered":"Spune!"},"content":{"rendered":"<p><a href=\"http:\/\/dipse.ro\/constantin\/wp-content\/uploads\/2014\/09\/ochideapaW.jpg\"><img loading=\"lazy\" decoding=\"async\" class=\"aligncenter size-full wp-image-356\" src=\"http:\/\/dipse.ro\/constantin\/wp-content\/uploads\/2014\/09\/ochideapaW.jpg\" alt=\"ochideapaW\" width=\"702\" height=\"783\" srcset=\"https:\/\/dipse.ro\/constantin\/wp-content\/uploads\/2014\/09\/ochideapaW.jpg 702w, https:\/\/dipse.ro\/constantin\/wp-content\/uploads\/2014\/09\/ochideapaW-268x300.jpg 268w\" sizes=\"auto, (max-width: 702px) 100vw, 702px\" \/><\/a><\/p>\n<p style=\"text-align: center;\">Spune-mi, Tat\u0103, cum ai tr\u0103it,<\/p>\n<p style=\"text-align: center;\">Cum ai \u00eenviat de c\u00e2te ori ai murit,<\/p>\n<p style=\"text-align: center;\">C\u00e2t s\u00e2nge-ai v\u0103rsat c\u00e2nd ai suferit.<\/p>\n<p style=\"text-align: center;\">Spune-mi, Tat\u0103 drag \u015fi minunat<\/p>\n<p style=\"text-align: center;\">Cum ai fost prunc c\u00e2nd ai pictat,<\/p>\n<p style=\"text-align: center;\">Arat\u0103-mi cum g\u00e2ndul \u0163i-ai \u00eenchinat<\/p>\n<p style=\"text-align: center;\">\u015ei inima-\u0163i m\u00e2ndr\u0103-n credin\u0163-ai purtat.<\/p>\n<p style=\"text-align: center;\">Presar\u0103 pe-un nor din sarea p\u0103m\u00e2ntului<\/p>\n<p style=\"text-align: center;\">\u015ei plou-o pe mine cu-atingerea v\u00e2ntului,<\/p>\n<p style=\"text-align: center;\">Viseaz\u0103-m\u0103, Tat\u0103-n culorile-\u0163i tari,<\/p>\n<p style=\"text-align: center;\">D\u0103-mi aripi s\u0103-nal\u0163 din cuvinte, vl\u0103stari!<\/p>\n<p style=\"text-align: right;\"><em><strong>Ochi de ap\u0103<\/strong> &#8211; tablou de C. Dip\u015fe<\/em><\/p>\n<p style=\"text-align: right;\"><em>Versuri &#8211; Ionu\u0163 Dip\u015fe<\/em><\/p>\n","protected":false},"excerpt":{"rendered":"<p>Spune-mi, Tat\u0103, cum ai tr\u0103it, Cum ai \u00eenviat de c\u00e2te ori ai murit, C\u00e2t s\u00e2nge-ai v\u0103rsat c\u00e2nd ai suferit. Spune-mi, Tat\u0103 drag \u015fi minunat Cum ai fost prunc c\u00e2nd ai pictat, Arat\u0103-mi cum g\u00e2ndul \u0163i-ai \u00eenchinat \u015ei inima-\u0163i m\u00e2ndr\u0103-n credin\u0163-ai purtat. Presar\u0103 pe-un nor din sarea p\u0103m\u00e2ntului \u015ei plou-o pe mine cu-atingerea v\u00e2ntului, Viseaz\u0103-m\u0103, Tat\u0103-n [&hellip;]<\/p>\n","protected":false},"author":1,"featured_media":0,"comment_status":"open","ping_status":"open","sticky":false,"template":"","format":"standard","meta":{"footnotes":""},"categories":[63,33],"tags":[94,48,95,93],"class_list":["post-355","post","type-post","status-publish","format-standard","hentry","category-63","category-tablouri","tag-26-septembrie","tag-constantin-dipse","tag-ionut-dipse","tag-zi-de-nastere"],"_links":{"self":[{"href":"https:\/\/dipse.ro\/constantin\/wp-json\/wp\/v2\/posts\/355","targetHints":{"allow":["GET"]}}],"collection":[{"href":"https:\/\/dipse.ro\/constantin\/wp-json\/wp\/v2\/posts"}],"about":[{"href":"https:\/\/dipse.ro\/constantin\/wp-json\/wp\/v2\/types\/post"}],"author":[{"embeddable":true,"href":"https:\/\/dipse.ro\/constantin\/wp-json\/wp\/v2\/users\/1"}],"replies":[{"embeddable":true,"href":"https:\/\/dipse.ro\/constantin\/wp-json\/wp\/v2\/comments?post=355"}],"version-history":[{"count":0,"href":"https:\/\/dipse.ro\/constantin\/wp-json\/wp\/v2\/posts\/355\/revisions"}],"wp:attachment":[{"href":"https:\/\/dipse.ro\/constantin\/wp-json\/wp\/v2\/media?parent=355"}],"wp:term":[{"taxonomy":"category","embeddable":true,"href":"https:\/\/dipse.ro\/constantin\/wp-json\/wp\/v2\/categories?post=355"},{"taxonomy":"post_tag","embeddable":true,"href":"https:\/\/dipse.ro\/constantin\/wp-json\/wp\/v2\/tags?post=355"}],"curies":[{"name":"wp","href":"https:\/\/api.w.org\/{rel}","templated":true}]}}