{"id":36,"date":"2012-05-20T08:03:00","date_gmt":"2012-05-20T08:03:00","guid":{"rendered":"http:\/\/dipse.ro\/constantin\/?p=36"},"modified":"2012-05-20T08:15:30","modified_gmt":"2012-05-20T08:15:30","slug":"mana","status":"publish","type":"post","link":"https:\/\/dipse.ro\/constantin\/mana\/","title":{"rendered":"&#8222;M\u00e2na&#8221;"},"content":{"rendered":"<p>de Constantin Dip\u015fe (1987)<\/p>\n<p><img decoding=\"async\" src=\"http:\/\/www.dipse.ro\/constantin\/foto\/Pictand01 mic.jpg\" alt=\"\" \/><\/p>\n<p><em>De c\u00e2nd e omul \u015fi-ai lui,<br \/>\nTOATE,<br \/>\nCam de m\u00e2n\u0103 sunt legate.<br \/>\nCu m\u00e2na-ngrije\u015fti trandafiru\u2019<br \/>\nTot cu ea m\u00e2ng\u00e2i copilu\u2019.<br \/>\nCu m\u00e2na semeni ogoru\u2019<br \/>\nCu ea construie\u015fti pridvoru\u2019.<br \/>\nF\u00e2nt\u00e2na\u2026 scormone\u015fti cu m\u00e2na.<br \/>\nTot cu m\u00e2na, \u00eengr\u0103de\u015fti st\u00e2na.<br \/>\nCu m\u00e2na decopertezi glia,<br \/>\nDe iarb\u0103, toat\u0103 c\u00e2mpia.<br \/>\n\u015ei faci brazde, ad\u00e2nci c\u00e2t r\u00e2ul<br \/>\nPe sub care semeni gr\u00e2ul.<br \/>\nCu m\u00e2na s\u0103de\u015fti copacul,<br \/>\nTot cu m\u00e2na-aju\u0163i s\u0103racul.<br \/>\nDac\u0103-nve\u0163i, cu m\u00e2na scrii<br \/>\nDup\u0103 ce-ai pictat \u00eent\u00e2i.<br \/>\nAi pictat \u00een pe\u015fter\u0103<br \/>\nCu m\u00e2na cea me\u015fter\u0103.<br \/>\nCu m\u00e2na faci roata, focul,<br \/>\nTot \u00een m\u00e2n\u0103-\u0163i st\u0103 norocul.<\/p>\n<p>Tot ce sim\u0163i cu inima<br \/>\nSe-ndreapt\u0103 spre m\u00e2na ta,<br \/>\nCu care po\u0163i \u201elumina\u201d<br \/>\nDe c\u00e2nd a fost om \u015fi \u00eei,<br \/>\nM\u00e2na-i unealta dint\u00e2i<br \/>\n\u015ei va fi de-a pururea<br \/>\nC\u00e2t omul va exista.<br \/>\nCu m\u00e2na scormone\u015fti glia,<br \/>\nCu ea sculptezi simfonia<br \/>\nCu m\u00e2na-\u0163i aperi mo\u015fia,<br \/>\nDemnitatea \u015fi-omenia.<\/em><\/p>\n","protected":false},"excerpt":{"rendered":"<p>de Constantin Dip\u015fe (1987) De c\u00e2nd e omul \u015fi-ai lui, TOATE, Cam de m\u00e2n\u0103 sunt legate. Cu m\u00e2na-ngrije\u015fti trandafiru\u2019 Tot cu ea m\u00e2ng\u00e2i copilu\u2019. Cu m\u00e2na semeni ogoru\u2019 Cu ea construie\u015fti pridvoru\u2019. F\u00e2nt\u00e2na\u2026 scormone\u015fti cu m\u00e2na. Tot cu m\u00e2na, \u00eengr\u0103de\u015fti st\u00e2na. Cu m\u00e2na decopertezi glia, De iarb\u0103, toat\u0103 c\u00e2mpia. \u015ei faci brazde, ad\u00e2nci c\u00e2t r\u00e2ul [&hellip;]<\/p>\n","protected":false},"author":1,"featured_media":0,"comment_status":"open","ping_status":"open","sticky":false,"template":"","format":"standard","meta":{"footnotes":""},"categories":[16,22,17],"tags":[19,18,21,20],"class_list":["post-36","post","type-post","status-publish","format-standard","hentry","category-16","category-general","category-poezii","tag-ateier","tag-expozitie","tag-poezie","tag-privelisti"],"_links":{"self":[{"href":"https:\/\/dipse.ro\/constantin\/wp-json\/wp\/v2\/posts\/36","targetHints":{"allow":["GET"]}}],"collection":[{"href":"https:\/\/dipse.ro\/constantin\/wp-json\/wp\/v2\/posts"}],"about":[{"href":"https:\/\/dipse.ro\/constantin\/wp-json\/wp\/v2\/types\/post"}],"author":[{"embeddable":true,"href":"https:\/\/dipse.ro\/constantin\/wp-json\/wp\/v2\/users\/1"}],"replies":[{"embeddable":true,"href":"https:\/\/dipse.ro\/constantin\/wp-json\/wp\/v2\/comments?post=36"}],"version-history":[{"count":0,"href":"https:\/\/dipse.ro\/constantin\/wp-json\/wp\/v2\/posts\/36\/revisions"}],"wp:attachment":[{"href":"https:\/\/dipse.ro\/constantin\/wp-json\/wp\/v2\/media?parent=36"}],"wp:term":[{"taxonomy":"category","embeddable":true,"href":"https:\/\/dipse.ro\/constantin\/wp-json\/wp\/v2\/categories?post=36"},{"taxonomy":"post_tag","embeddable":true,"href":"https:\/\/dipse.ro\/constantin\/wp-json\/wp\/v2\/tags?post=36"}],"curies":[{"name":"wp","href":"https:\/\/api.w.org\/{rel}","templated":true}]}}