{"id":387,"date":"2015-05-04T01:02:44","date_gmt":"2015-05-03T22:02:44","guid":{"rendered":"http:\/\/dipse.ro\/constantin\/?p=387"},"modified":"2015-05-04T01:02:44","modified_gmt":"2015-05-03T22:02:44","slug":"dezvelirea-placii-memoriale-dedicate-pictorului-constantin-dipse","status":"publish","type":"post","link":"https:\/\/dipse.ro\/constantin\/dezvelirea-placii-memoriale-dedicate-pictorului-constantin-dipse\/","title":{"rendered":"Dezvelirea pl\u0103cii memoriale dedicate pictorului Constantin Dip\u015fe"},"content":{"rendered":"<p>Sub auspiciile Prim\u0103riei Generale a Municipiului Bucure\u015fti \u015fi cu concursul Administra\u0163iei Monumentelor \u015fi Patrimoniului Turistic, s-a realizat \u015fi s-a dezvelit, la 29 aprilie 2015, o plac\u0103 memorial\u0103 dedicat\u0103 pictorului Constantin Dip\u015fe.<\/p>\n<p>Placa atest\u0103 c\u0103 \u00een imobilul din strada Eforie nr. 4 (la etajul 6 atelierul 10), artistul a creat, timp de 37 de ani \u2013 de la mijlocul drumului s\u0103u profesional p\u00e2n\u0103 \u00een ultima clip\u0103 a vie\u0163ii.<\/p>\n<p>Contextul ne-a prilejuit nou\u0103, familiei, \u201cpunerea \u00een scen\u0103\u201d a unui moment cultural \u00een care s-au \u00eent\u00e2lnit persoane ce l-au cunoscut pe pictorul nonagenar, cu tineri afla\u0163i la primul contact cu opera artistului. Ace\u015ftia \u2013 studen\u0163i \u00een specialitatea stomatologie \u2013 formeaz\u0103 cel mai numeros \u015fi constant public prezent pe strada Eforie, la imobilul cu nr. 4, din care parterul \u015fi cinci etaje apar\u0163in Facult\u0103\u0163ii lor, iar etajele 6, 7 \u015fi 8 cu ateliere de crea\u0163ie, sunt proprietatea Uniunii Arti\u015ftilor Plastici.<\/p>\n<p>\u00cen amfiteatrul facult\u0103\u0163ii de la parterul cl\u0103dirii, unde odinioar\u0103 era o sal\u0103 de expozi\u0163ii a UAP, \u00een fa\u0163a musafirilor veni\u0163i la eveniment, gazda din partea facult\u0103\u0163ii, Domnul Profesor universitar dr. P\u0103tra\u015fcu \u2013 iubitor de art\u0103 \u2013 a argumentat acceptul institu\u0163iei pentru \u00eentrunirea legat\u0103 de dezvelirea pl\u0103cii memoriale.<\/p>\n<p>Apoi, fiecare invitat a primit din partea familiei pictorului, un document informativ privind via\u0163a profesional\u0103 a artistului \u015fi o ilustrat\u0103 dup\u0103 o pictur\u0103 reprezentativ\u0103 semnat\u0103 C. Dip\u015fe.<\/p>\n<p>Pe durata a trei secven\u0163e de proiec\u0163ii, trei vorbitori au prezentat via\u0163a, opera \u015fi valoarea artistic\u0103 a crea\u0163iei lui Constantin Dip\u015fe.<\/p>\n<p>Ionu\u0163 Dip\u015fe \u2013 fiul pictorului \u2013 a vorbit despre ob\u00e2r\u015fia, studiile \u015fi tinere\u0163ea artistului, despre primele sale expozi\u0163ii, trec\u00e2nd apoi \u00een revist\u0103 \u015fi principalele lucr\u0103ri de art\u0103 monumental\u0103.<\/p>\n<p>Dorind ca cei din sal\u0103 s\u0103 perceap\u0103 existen\u0163a artistului legat\u0103 de datele concrete de via\u0163\u0103, eu, Maria Dip\u015fe \u2013 so\u0163ia pictorului, am relatat c\u00e2teva pove\u015fti adev\u0103rate, \u00eencep\u00e2nd cu \u00eentemeierea familiei noastre. Am evocat \u015fi c\u00e2teva dintre prieteniile cu mari scriitori \u015fi poe\u0163i (Nichita St\u0103nescu, Grigore Hagiu, Nicolae Breban, Gheorghe Pitu\u0163, Constantin Cri\u015fan \u015fi al\u0163ii) \u2013 opresa\u0163i deopotriv\u0103 de securitatea \u015fi cenzura regimului comunist siluitor de con\u015ftiin\u0163e.<\/p>\n<p>Despre pictura lui Constantin Dip\u015fe, despre locul ei \u00een arta rom\u00e2neasc\u0103 \u015fi universal\u0103, despre profunzimea \u015fi for\u0163a de comunicare a tablourilor \u015fi culorilor lor, a vorbit scriitorul Nicolae Breban \u00eentr-un discurs-sintez\u0103. Singurul \u00een via\u0163\u0103 din grupul de prieteni creatori ai lui Constantin Dip\u015fe, scriitorul \u015fi-a adaptat discursul \u0163intind publicul t\u00e2n\u0103r, nu numai pentru informare dar mai ales pentru \u00eendreptarea lui c\u0103tre art\u0103 cu care, profesia medical\u0103 poate fi socotit\u0103 chiar \u00eenrudit\u0103.<\/p>\n<p>Unii invita\u0163i au v\u0103zut pentru prima oar\u0103, al\u0163ii au rev\u0103zut imagini cu multe din principalele tablouri semnate de pictor, compozi\u0163ii, flori \u015fi peisaje: culoare \u015fi echilibru \u00een form\u0103, lumin\u0103 \u015fi idee-simbol, bucurie \u015fi dragoste de via\u0163\u0103, \u201cefigii\u201d, ad\u00e2ncime a semnifica\u0163iilor ce conduc la arhetipuri. Cu acestea \u00een minte \u015fi \u00een suflet, toat\u0103 asisten\u0163a s-a mutat apoi la locul din fa\u0163a pl\u0103cii a c\u0103rei dezvelire a revenit Domnului inginer Mircea Mure\u015fanu \u2013 reprezentant oficial al Administra\u0163iei Monumentelor \u015fi Patrimoniului Turistic \u2013 \u015fi lui Ionu\u0163 Dip\u015fe.<\/p>\n<p>Cu glas tare, o student\u0103 a citit mesajul de pe plac\u0103, apoi un cuv\u00e2nt de laud\u0103 a scriitorului Nicolae Breban, ceremonia \u00eencunun\u00e2ndu-se cu citarea frazei rostite de pictor \u00een septembrie 2010: \u201c<strong><em>Sunt un om obi\u015fnuit cu n\u0103zuin\u0163\u0103 de crea\u0163ie cu toat\u0103 credin\u0163a, puterea \u015fi s\u0103n\u0103tatea mea.\u201d<\/em><\/strong><\/p>\n<p>Adres\u0103m mul\u0163umiri deosebite: conducerii Prim\u0103riei Generale a Municipiului Bucure\u015fti, conducerii Administra\u0163iei Monumentelor \u015fi Patrimoniului Turistic \u2013 institu\u0163ii care au f\u0103cut demersurile pentru realizarea lucr\u0103rii \u2013 reprezentate la eveniment de Domnul Inginer Mircea Mure\u015fanu, un colaborator \u015fi comunicator valoros.<\/p>\n<p>Pentru eficienta conlucrare \u00eentru binele tinerilor studen\u0163i de la Facultatea de Stomatologie, aducem mul\u0163umiri speciale Domnului Profesor univ. dr. P\u0103tra\u015fcu.<\/p>\n<p>Mul\u0163umirile noastre calde se \u00eendreapt\u0103 \u015fi c\u0103tre Domnul Academician \u2013 scriitorul Nicolae Breban care a r\u0103spuns generos invita\u0163iei pe care i-am f\u0103cut-o de a vorbi despre arta vechiului s\u0103u confrate \u00eentru art\u0103 \u015fi prieten, pictorul Costan Dip\u015fe.<\/p>\n<p>La acest pre\u0163ios eveniment, ne-au onorat cu prezen\u0163a \u015fi alte personalit\u0103\u0163i oameni de cultur\u0103 \u015fi de art\u0103 prestigio\u015fi cunosc\u0103tori ai crea\u0163iei lui Constantin Dip\u015fe, pe care-i \u00eembr\u0103\u0163i\u015f\u0103m cu cald\u0103 prietenie.<\/p>\n<p>O bucurie nem\u0103surat\u0103 ne-a produs prezen\u0163a la eveniment a studen\u0163ilor pentru care, sper\u0103m, crea\u0163ia \u015fi numele pictorului Constantin Dip\u015fe vor fi tot mai cunoscute.<\/p>\n<p>(text: Maria Dip\u015fe;\u00a0 foto: Eugen Nedelcu \/ <a href=\"http:\/\/hellofoto.ro\/\" target=\"_blank\">Hello Foto<\/a>)<\/p>\n<p>&nbsp;<\/p>\n<p>&nbsp;<\/p>\n<p><a href=\"http:\/\/dipse.ro\/constantin\/wp-content\/uploads\/2015\/05\/dezvelire-placa-costan-dipse-0005.jpg\"><img loading=\"lazy\" decoding=\"async\" class=\"aligncenter size-large wp-image-388\" src=\"http:\/\/dipse.ro\/constantin\/wp-content\/uploads\/2015\/05\/dezvelire-placa-costan-dipse-0005-1024x683.jpg\" alt=\"dezvelire-placa-costan-dipse-0005\" width=\"720\" height=\"480\" srcset=\"https:\/\/dipse.ro\/constantin\/wp-content\/uploads\/2015\/05\/dezvelire-placa-costan-dipse-0005-1024x683.jpg 1024w, https:\/\/dipse.ro\/constantin\/wp-content\/uploads\/2015\/05\/dezvelire-placa-costan-dipse-0005-300x200.jpg 300w\" sizes=\"auto, (max-width: 720px) 100vw, 720px\" \/><\/a><\/p>\n<p><a href=\"http:\/\/dipse.ro\/constantin\/wp-content\/uploads\/2015\/05\/dezvelire-placa-costan-dipse-0010.jpg\"><img loading=\"lazy\" decoding=\"async\" class=\"aligncenter size-large wp-image-389\" src=\"http:\/\/dipse.ro\/constantin\/wp-content\/uploads\/2015\/05\/dezvelire-placa-costan-dipse-0010-1024x683.jpg\" alt=\"dezvelire-placa-costan-dipse-0010\" width=\"720\" height=\"480\" srcset=\"https:\/\/dipse.ro\/constantin\/wp-content\/uploads\/2015\/05\/dezvelire-placa-costan-dipse-0010-1024x683.jpg 1024w, https:\/\/dipse.ro\/constantin\/wp-content\/uploads\/2015\/05\/dezvelire-placa-costan-dipse-0010-300x200.jpg 300w\" sizes=\"auto, (max-width: 720px) 100vw, 720px\" \/><\/a><\/p>\n<p><a href=\"http:\/\/dipse.ro\/constantin\/wp-content\/uploads\/2015\/05\/dezvelire-placa-costan-dipse-0014.jpg\"><img loading=\"lazy\" decoding=\"async\" class=\"aligncenter size-large wp-image-390\" src=\"http:\/\/dipse.ro\/constantin\/wp-content\/uploads\/2015\/05\/dezvelire-placa-costan-dipse-0014-1024x683.jpg\" alt=\"dezvelire-placa-costan-dipse-0014\" width=\"720\" height=\"480\" srcset=\"https:\/\/dipse.ro\/constantin\/wp-content\/uploads\/2015\/05\/dezvelire-placa-costan-dipse-0014-1024x683.jpg 1024w, https:\/\/dipse.ro\/constantin\/wp-content\/uploads\/2015\/05\/dezvelire-placa-costan-dipse-0014-300x200.jpg 300w\" sizes=\"auto, (max-width: 720px) 100vw, 720px\" \/><\/a><\/p>\n<p><a href=\"http:\/\/dipse.ro\/constantin\/wp-content\/uploads\/2015\/05\/dezvelire-placa-costan-dipse-0017.jpg\"><img loading=\"lazy\" decoding=\"async\" class=\"aligncenter size-large wp-image-391\" src=\"http:\/\/dipse.ro\/constantin\/wp-content\/uploads\/2015\/05\/dezvelire-placa-costan-dipse-0017-1024x683.jpg\" alt=\"dezvelire-placa-costan-dipse-0017\" width=\"720\" height=\"480\" srcset=\"https:\/\/dipse.ro\/constantin\/wp-content\/uploads\/2015\/05\/dezvelire-placa-costan-dipse-0017-1024x683.jpg 1024w, https:\/\/dipse.ro\/constantin\/wp-content\/uploads\/2015\/05\/dezvelire-placa-costan-dipse-0017-300x200.jpg 300w\" sizes=\"auto, (max-width: 720px) 100vw, 720px\" \/><\/a><\/p>\n<p><a href=\"http:\/\/dipse.ro\/constantin\/wp-content\/uploads\/2015\/05\/dezvelire-placa-costan-dipse-0023.jpg\"><img loading=\"lazy\" decoding=\"async\" class=\"aligncenter size-large wp-image-392\" src=\"http:\/\/dipse.ro\/constantin\/wp-content\/uploads\/2015\/05\/dezvelire-placa-costan-dipse-0023-1024x683.jpg\" alt=\"dezvelire-placa-costan-dipse-0023\" width=\"720\" height=\"480\" srcset=\"https:\/\/dipse.ro\/constantin\/wp-content\/uploads\/2015\/05\/dezvelire-placa-costan-dipse-0023-1024x683.jpg 1024w, https:\/\/dipse.ro\/constantin\/wp-content\/uploads\/2015\/05\/dezvelire-placa-costan-dipse-0023-300x200.jpg 300w\" sizes=\"auto, (max-width: 720px) 100vw, 720px\" \/><\/a><\/p>\n<p><a href=\"http:\/\/dipse.ro\/constantin\/wp-content\/uploads\/2015\/05\/dezvelire-placa-costan-dipse-0030.jpg\"><img loading=\"lazy\" decoding=\"async\" class=\"aligncenter size-large wp-image-393\" src=\"http:\/\/dipse.ro\/constantin\/wp-content\/uploads\/2015\/05\/dezvelire-placa-costan-dipse-0030-1024x683.jpg\" alt=\"dezvelire-placa-costan-dipse-0030\" width=\"720\" height=\"480\" srcset=\"https:\/\/dipse.ro\/constantin\/wp-content\/uploads\/2015\/05\/dezvelire-placa-costan-dipse-0030-1024x683.jpg 1024w, https:\/\/dipse.ro\/constantin\/wp-content\/uploads\/2015\/05\/dezvelire-placa-costan-dipse-0030-300x200.jpg 300w\" sizes=\"auto, (max-width: 720px) 100vw, 720px\" \/><\/a><\/p>\n<p><a href=\"http:\/\/dipse.ro\/constantin\/wp-content\/uploads\/2015\/05\/dezvelire-placa-costan-dipse-0032.jpg\"><img loading=\"lazy\" decoding=\"async\" class=\"aligncenter size-large wp-image-394\" src=\"http:\/\/dipse.ro\/constantin\/wp-content\/uploads\/2015\/05\/dezvelire-placa-costan-dipse-0032-1024x683.jpg\" alt=\"dezvelire-placa-costan-dipse-0032\" width=\"720\" height=\"480\" srcset=\"https:\/\/dipse.ro\/constantin\/wp-content\/uploads\/2015\/05\/dezvelire-placa-costan-dipse-0032-1024x683.jpg 1024w, https:\/\/dipse.ro\/constantin\/wp-content\/uploads\/2015\/05\/dezvelire-placa-costan-dipse-0032-300x200.jpg 300w\" sizes=\"auto, (max-width: 720px) 100vw, 720px\" \/><\/a><\/p>\n<p><a href=\"http:\/\/dipse.ro\/constantin\/wp-content\/uploads\/2015\/05\/dezvelire-placa-costan-dipse-0047.jpg\"><img loading=\"lazy\" decoding=\"async\" class=\"aligncenter size-large wp-image-395\" src=\"http:\/\/dipse.ro\/constantin\/wp-content\/uploads\/2015\/05\/dezvelire-placa-costan-dipse-0047-1024x683.jpg\" alt=\"dezvelire-placa-costan-dipse-0047\" width=\"720\" height=\"480\" srcset=\"https:\/\/dipse.ro\/constantin\/wp-content\/uploads\/2015\/05\/dezvelire-placa-costan-dipse-0047-1024x683.jpg 1024w, https:\/\/dipse.ro\/constantin\/wp-content\/uploads\/2015\/05\/dezvelire-placa-costan-dipse-0047-300x200.jpg 300w\" sizes=\"auto, (max-width: 720px) 100vw, 720px\" \/><\/a><\/p>\n<p><a href=\"http:\/\/dipse.ro\/constantin\/wp-content\/uploads\/2015\/05\/dezvelire-placa-costan-dipse-0049.jpg\"><img loading=\"lazy\" decoding=\"async\" class=\"aligncenter size-large wp-image-396\" src=\"http:\/\/dipse.ro\/constantin\/wp-content\/uploads\/2015\/05\/dezvelire-placa-costan-dipse-0049-1024x683.jpg\" alt=\"dezvelire-placa-costan-dipse-0049\" width=\"720\" height=\"480\" srcset=\"https:\/\/dipse.ro\/constantin\/wp-content\/uploads\/2015\/05\/dezvelire-placa-costan-dipse-0049-1024x683.jpg 1024w, https:\/\/dipse.ro\/constantin\/wp-content\/uploads\/2015\/05\/dezvelire-placa-costan-dipse-0049-300x200.jpg 300w\" sizes=\"auto, (max-width: 720px) 100vw, 720px\" \/><\/a><\/p>\n<p><a href=\"http:\/\/dipse.ro\/constantin\/wp-content\/uploads\/2015\/05\/dezvelire-placa-costan-dipse-0054.jpg\"><img loading=\"lazy\" decoding=\"async\" class=\"aligncenter size-large wp-image-397\" src=\"http:\/\/dipse.ro\/constantin\/wp-content\/uploads\/2015\/05\/dezvelire-placa-costan-dipse-0054-1024x683.jpg\" alt=\"dezvelire-placa-costan-dipse-0054\" width=\"720\" height=\"480\" srcset=\"https:\/\/dipse.ro\/constantin\/wp-content\/uploads\/2015\/05\/dezvelire-placa-costan-dipse-0054-1024x683.jpg 1024w, https:\/\/dipse.ro\/constantin\/wp-content\/uploads\/2015\/05\/dezvelire-placa-costan-dipse-0054-300x200.jpg 300w\" sizes=\"auto, (max-width: 720px) 100vw, 720px\" \/><\/a><\/p>\n<p><a href=\"http:\/\/dipse.ro\/constantin\/wp-content\/uploads\/2015\/05\/dezvelire-placa-costan-dipse-0059.jpg\"><img loading=\"lazy\" decoding=\"async\" class=\"aligncenter size-large wp-image-398\" src=\"http:\/\/dipse.ro\/constantin\/wp-content\/uploads\/2015\/05\/dezvelire-placa-costan-dipse-0059-1024x683.jpg\" alt=\"dezvelire-placa-costan-dipse-0059\" width=\"720\" height=\"480\" srcset=\"https:\/\/dipse.ro\/constantin\/wp-content\/uploads\/2015\/05\/dezvelire-placa-costan-dipse-0059-1024x683.jpg 1024w, https:\/\/dipse.ro\/constantin\/wp-content\/uploads\/2015\/05\/dezvelire-placa-costan-dipse-0059-300x200.jpg 300w\" sizes=\"auto, (max-width: 720px) 100vw, 720px\" \/><\/a><\/p>\n","protected":false},"excerpt":{"rendered":"<p>Sub auspiciile Prim\u0103riei Generale a Municipiului Bucure\u015fti \u015fi cu concursul Administra\u0163iei Monumentelor \u015fi Patrimoniului Turistic, s-a realizat \u015fi s-a dezvelit, la 29 aprilie 2015, o plac\u0103 memorial\u0103 dedicat\u0103 pictorului Constantin Dip\u015fe. Placa atest\u0103 c\u0103 \u00een imobilul din strada Eforie nr. 4 (la etajul 6 atelierul 10), artistul a creat, timp de 37 de ani \u2013 [&hellip;]<\/p>\n","protected":false},"author":1,"featured_media":0,"comment_status":"open","ping_status":"open","sticky":false,"template":"","format":"standard","meta":{"footnotes":""},"categories":[96,22],"tags":[48,97],"class_list":["post-387","post","type-post","status-publish","format-standard","hentry","category-96","category-general","tag-constantin-dipse","tag-placa-memoriala"],"_links":{"self":[{"href":"https:\/\/dipse.ro\/constantin\/wp-json\/wp\/v2\/posts\/387","targetHints":{"allow":["GET"]}}],"collection":[{"href":"https:\/\/dipse.ro\/constantin\/wp-json\/wp\/v2\/posts"}],"about":[{"href":"https:\/\/dipse.ro\/constantin\/wp-json\/wp\/v2\/types\/post"}],"author":[{"embeddable":true,"href":"https:\/\/dipse.ro\/constantin\/wp-json\/wp\/v2\/users\/1"}],"replies":[{"embeddable":true,"href":"https:\/\/dipse.ro\/constantin\/wp-json\/wp\/v2\/comments?post=387"}],"version-history":[{"count":0,"href":"https:\/\/dipse.ro\/constantin\/wp-json\/wp\/v2\/posts\/387\/revisions"}],"wp:attachment":[{"href":"https:\/\/dipse.ro\/constantin\/wp-json\/wp\/v2\/media?parent=387"}],"wp:term":[{"taxonomy":"category","embeddable":true,"href":"https:\/\/dipse.ro\/constantin\/wp-json\/wp\/v2\/categories?post=387"},{"taxonomy":"post_tag","embeddable":true,"href":"https:\/\/dipse.ro\/constantin\/wp-json\/wp\/v2\/tags?post=387"}],"curies":[{"name":"wp","href":"https:\/\/api.w.org\/{rel}","templated":true}]}}