{"id":482,"date":"2017-04-05T12:05:44","date_gmt":"2017-04-05T09:05:44","guid":{"rendered":"http:\/\/dipse.ro\/constantin\/?p=482"},"modified":"2017-04-05T13:53:05","modified_gmt":"2017-04-05T10:53:05","slug":"expozitia-florile-centenarului","status":"publish","type":"post","link":"https:\/\/dipse.ro\/constantin\/expozitia-florile-centenarului\/","title":{"rendered":"Expozi\u021bia &#8222;Florile Centenarului&#8221;"},"content":{"rendered":"<p>Expozi\u021bia \u201e<strong>Florile centenarului \u2013 100 de ani de la na\u0219terea pictorului Constantin Dip\u0219e<\/strong>\u201d, g\u0103zduit\u0103 de <strong>Gr\u0103dina Botanic\u0103 \u201eDimitrie Br\u00e2nzd\u0103\u201d<\/strong> din Bucure\u0219ti \u2013 deschide seria evenimentelor din <strong>2017<\/strong> care-l omagiaz\u0103 pe artist \u0219i opera sa.<\/p>\n<p>Expozi\u021bia este \u00een aer liber, dureaz\u0103 toat\u0103 luna aprilie \u0219i poate fi vizitat\u0103 \u00een fiecare zi \u00eentre orele 8 \u0219i 20.<\/p>\n<p><a href=\"https:\/\/www.facebook.com\/events\/1056496717818784\/\">https:\/\/www.facebook.com\/events\/1056496717818784\/<\/a><\/p>\n<p><a href=\"http:\/\/dipse.ro\/constantin\/wp-content\/uploads\/2017\/04\/AFIS-mic-2.jpg\"><img loading=\"lazy\" decoding=\"async\" class=\"aligncenter size-full wp-image-486\" src=\"http:\/\/dipse.ro\/constantin\/wp-content\/uploads\/2017\/04\/AFIS-mic-2.jpg\" alt=\"\" width=\"1000\" height=\"601\" srcset=\"https:\/\/dipse.ro\/constantin\/wp-content\/uploads\/2017\/04\/AFIS-mic-2.jpg 1000w, https:\/\/dipse.ro\/constantin\/wp-content\/uploads\/2017\/04\/AFIS-mic-2-300x180.jpg 300w, https:\/\/dipse.ro\/constantin\/wp-content\/uploads\/2017\/04\/AFIS-mic-2-768x462.jpg 768w\" sizes=\"auto, (max-width: 1000px) 100vw, 1000px\" \/><\/a><\/p>\n<p><a href=\"http:\/\/dipse.ro\/constantin\/wp-content\/uploads\/2017\/04\/IMG_20170403_194243_HDR.jpg\"><img loading=\"lazy\" decoding=\"async\" class=\"aligncenter size-full wp-image-485\" src=\"http:\/\/dipse.ro\/constantin\/wp-content\/uploads\/2017\/04\/IMG_20170403_194243_HDR.jpg\" alt=\"\" width=\"1000\" height=\"750\" srcset=\"https:\/\/dipse.ro\/constantin\/wp-content\/uploads\/2017\/04\/IMG_20170403_194243_HDR.jpg 1000w, https:\/\/dipse.ro\/constantin\/wp-content\/uploads\/2017\/04\/IMG_20170403_194243_HDR-300x225.jpg 300w, https:\/\/dipse.ro\/constantin\/wp-content\/uploads\/2017\/04\/IMG_20170403_194243_HDR-768x576.jpg 768w\" sizes=\"auto, (max-width: 1000px) 100vw, 1000px\" \/><\/a><\/p>\n<p><a href=\"http:\/\/dipse.ro\/constantin\/wp-content\/uploads\/2017\/04\/IMG_20170403_193651_HDR.jpg\"><img loading=\"lazy\" decoding=\"async\" class=\"aligncenter size-full wp-image-487\" src=\"http:\/\/dipse.ro\/constantin\/wp-content\/uploads\/2017\/04\/IMG_20170403_193651_HDR.jpg\" alt=\"\" width=\"1000\" height=\"750\" srcset=\"https:\/\/dipse.ro\/constantin\/wp-content\/uploads\/2017\/04\/IMG_20170403_193651_HDR.jpg 1000w, https:\/\/dipse.ro\/constantin\/wp-content\/uploads\/2017\/04\/IMG_20170403_193651_HDR-300x225.jpg 300w, https:\/\/dipse.ro\/constantin\/wp-content\/uploads\/2017\/04\/IMG_20170403_193651_HDR-768x576.jpg 768w\" sizes=\"auto, (max-width: 1000px) 100vw, 1000px\" \/><\/a><\/p>\n","protected":false},"excerpt":{"rendered":"<p>Expozi\u021bia \u201eFlorile centenarului \u2013 100 de ani de la na\u0219terea pictorului Constantin Dip\u0219e\u201d, g\u0103zduit\u0103 de Gr\u0103dina Botanic\u0103 \u201eDimitrie Br\u00e2nzd\u0103\u201d din Bucure\u0219ti \u2013 deschide seria evenimentelor din 2017 care-l omagiaz\u0103 pe artist \u0219i opera sa. Expozi\u021bia este \u00een aer liber, dureaz\u0103 toat\u0103 luna aprilie \u0219i poate fi vizitat\u0103 \u00een fiecare zi \u00eentre orele 8 \u0219i 20. [&hellip;]<\/p>\n","protected":false},"author":1,"featured_media":0,"comment_status":"open","ping_status":"open","sticky":false,"template":"","format":"standard","meta":{"footnotes":""},"categories":[99,100,22],"tags":[104,103,24,5,101,102],"class_list":["post-482","post","type-post","status-publish","format-standard","hentry","category-99","category-centenar","category-general","tag-104","tag-centanar","tag-constantin","tag-dipse","tag-florile-centenarului","tag-gradina-botanica"],"_links":{"self":[{"href":"https:\/\/dipse.ro\/constantin\/wp-json\/wp\/v2\/posts\/482","targetHints":{"allow":["GET"]}}],"collection":[{"href":"https:\/\/dipse.ro\/constantin\/wp-json\/wp\/v2\/posts"}],"about":[{"href":"https:\/\/dipse.ro\/constantin\/wp-json\/wp\/v2\/types\/post"}],"author":[{"embeddable":true,"href":"https:\/\/dipse.ro\/constantin\/wp-json\/wp\/v2\/users\/1"}],"replies":[{"embeddable":true,"href":"https:\/\/dipse.ro\/constantin\/wp-json\/wp\/v2\/comments?post=482"}],"version-history":[{"count":0,"href":"https:\/\/dipse.ro\/constantin\/wp-json\/wp\/v2\/posts\/482\/revisions"}],"wp:attachment":[{"href":"https:\/\/dipse.ro\/constantin\/wp-json\/wp\/v2\/media?parent=482"}],"wp:term":[{"taxonomy":"category","embeddable":true,"href":"https:\/\/dipse.ro\/constantin\/wp-json\/wp\/v2\/categories?post=482"},{"taxonomy":"post_tag","embeddable":true,"href":"https:\/\/dipse.ro\/constantin\/wp-json\/wp\/v2\/tags?post=482"}],"curies":[{"name":"wp","href":"https:\/\/api.w.org\/{rel}","templated":true}]}}