{"id":516,"date":"2017-05-04T13:34:05","date_gmt":"2017-05-04T10:34:05","guid":{"rendered":"http:\/\/dipse.ro\/constantin\/?p=516"},"modified":"2017-05-04T13:34:05","modified_gmt":"2017-05-04T10:34:05","slug":"culorile-soarelui-expozitie-centenar-constantin-dipse","status":"publish","type":"post","link":"https:\/\/dipse.ro\/constantin\/culorile-soarelui-expozitie-centenar-constantin-dipse\/","title":{"rendered":"Expozi\u021bia &#8222;Culorile Soarelui&#8221;  &#8211; 100 ani de la na\u0219terea pictorului Constantin Dip\u0219e"},"content":{"rendered":"<p><strong>Muzeul de Art\u0103 din Cluj-Napoca<\/strong> este gazda expozi\u021biei organizate cu ocazia \u00eemplinirii a <strong>100 de ani<\/strong> de la na\u0219terea <strong>pictorului<\/strong> <strong>Constantin Dip\u0219e<\/strong>.<\/p>\n<p style=\"text-align: left;\">Expozi\u021bia este deschis\u0103 p\u00e2n\u0103 \u00een data de <strong>21 mai<\/strong> (include <strong>Noaptea Muzeelor<\/strong>) \u0219i poate fi vizitat\u0103 <strong>zilnic<\/strong> intre orele <b>10-18.<\/b><\/p>\n<p style=\"text-align: left;\"><a href=\"http:\/\/dipse.ro\/constantin\/wp-content\/uploads\/2017\/05\/IMG_20170504_132150.jpg\"><img loading=\"lazy\" decoding=\"async\" class=\"aligncenter size-full wp-image-520\" src=\"http:\/\/dipse.ro\/constantin\/wp-content\/uploads\/2017\/05\/IMG_20170504_132150.jpg\" alt=\"\" width=\"680\" height=\"978\" srcset=\"https:\/\/dipse.ro\/constantin\/wp-content\/uploads\/2017\/05\/IMG_20170504_132150.jpg 680w, https:\/\/dipse.ro\/constantin\/wp-content\/uploads\/2017\/05\/IMG_20170504_132150-209x300.jpg 209w\" sizes=\"auto, (max-width: 680px) 100vw, 680px\" \/><\/a><\/p>\n","protected":false},"excerpt":{"rendered":"<p>Muzeul de Art\u0103 din Cluj-Napoca este gazda expozi\u021biei organizate cu ocazia \u00eemplinirii a 100 de ani de la na\u0219terea pictorului Constantin Dip\u0219e. Expozi\u021bia este deschis\u0103 p\u00e2n\u0103 \u00een data de 21 mai (include Noaptea Muzeelor) \u0219i poate fi vizitat\u0103 zilnic intre orele 10-18.<\/p>\n","protected":false},"author":1,"featured_media":520,"comment_status":"open","ping_status":"open","sticky":false,"template":"","format":"standard","meta":{"footnotes":""},"categories":[99,100],"tags":[108,106,48,107,105,109],"class_list":["post-516","post","type-post","status-publish","format-standard","has-post-thumbnail","hentry","category-99","category-centenar","tag-100-ani","tag-centenar","tag-constantin-dipse","tag-culorile-soarelui","tag-muzeul-de-arta-cluj","tag-nastere"],"_links":{"self":[{"href":"https:\/\/dipse.ro\/constantin\/wp-json\/wp\/v2\/posts\/516","targetHints":{"allow":["GET"]}}],"collection":[{"href":"https:\/\/dipse.ro\/constantin\/wp-json\/wp\/v2\/posts"}],"about":[{"href":"https:\/\/dipse.ro\/constantin\/wp-json\/wp\/v2\/types\/post"}],"author":[{"embeddable":true,"href":"https:\/\/dipse.ro\/constantin\/wp-json\/wp\/v2\/users\/1"}],"replies":[{"embeddable":true,"href":"https:\/\/dipse.ro\/constantin\/wp-json\/wp\/v2\/comments?post=516"}],"version-history":[{"count":0,"href":"https:\/\/dipse.ro\/constantin\/wp-json\/wp\/v2\/posts\/516\/revisions"}],"wp:featuredmedia":[{"embeddable":true,"href":"https:\/\/dipse.ro\/constantin\/wp-json\/wp\/v2\/media\/520"}],"wp:attachment":[{"href":"https:\/\/dipse.ro\/constantin\/wp-json\/wp\/v2\/media?parent=516"}],"wp:term":[{"taxonomy":"category","embeddable":true,"href":"https:\/\/dipse.ro\/constantin\/wp-json\/wp\/v2\/categories?post=516"},{"taxonomy":"post_tag","embeddable":true,"href":"https:\/\/dipse.ro\/constantin\/wp-json\/wp\/v2\/tags?post=516"}],"curies":[{"name":"wp","href":"https:\/\/api.w.org\/{rel}","templated":true}]}}