{"id":582,"date":"2018-01-01T09:00:31","date_gmt":"2018-01-01T06:00:31","guid":{"rendered":"http:\/\/dipse.ro\/constantin\/?p=582"},"modified":"2018-01-20T15:22:43","modified_gmt":"2018-01-20T12:22:43","slug":"spicuiri-biografice-la-intrarea-in-anul-101-de-la-nasterea-pictorului-constantin-dipse","status":"publish","type":"post","link":"https:\/\/dipse.ro\/constantin\/spicuiri-biografice-la-intrarea-in-anul-101-de-la-nasterea-pictorului-constantin-dipse\/","title":{"rendered":"Spicuiri biografice la intrarea \u00een anul 101 de la na\u015fterea pictorului Constantin Dip\u0219e (1)"},"content":{"rendered":"<p style=\"text-align: left;\"><strong>Episodul 1<\/strong><\/p>\n<p>Costan Dip\u0219e \u2013 cu nume de artist \u201eConstantin Dip\u015fe\u201d \u2013 s-a n\u0103scut \u00een satul \u015eurde\u015fti, comuna \u015ei\u015fe\u015fti, jude\u0163ul Maramure\u015f, \u00een 26 septembrie 1917. Bunicul s\u0103u \u2013 Costan Dip\u015fe \u2013 a f\u0103cut parte din grupul de Memorandi\u015fti al\u0103turi de Vasile Lucaciu cu care familia Dip\u015fe a avut leg\u0103turi str\u00e2nse de prietenie. Tat\u0103l s\u0103u, Ioan Dip\u015fe, a fost \u2013 al\u0103turi de al\u0163ii \u2013 delegat de Maramure\u015f la Marea Unire din 1918 de la Alba Iulia.<\/p>\n<p>Al \u015faselea din 8 fra\u0163i (3 fete \u015fi 5 b\u0103ie\u0163i), Costan Dip\u015fe a avut o copil\u0103rie prelungit\u0103, pentru c\u0103 p\u0103rin\u0163ii socoteau s\u0103-l re\u0163in\u0103 pentru treburile gospod\u0103riei. Mergea cu vitele pe p\u0103\u015funile din afara satului, unde, singur, \u00eentre cer \u015fi p\u0103m\u00e2nt, a avut r\u0103gazul nu numai s\u0103 observe natura \u2013 forme \u015fi culoare \u2013 ci \u015fi s\u0103 o \u201edepoziteze\u201d \u00een sufletul, sensibilitatea \u015fi mintea sa. Mai t\u00e2rziu, toat\u0103 aceast\u0103 zestre a rev\u0103rsat-o \u00een arta sa.<\/p>\n<p>A urmat gimnaziul la insisten\u0163a dasc\u0103lilor. Apoi, a fost elev la liceul \u201eGh. \u015eincai\u201d din Baia Mare. Tot aici a urmat \u015fi \u015ecoala Liberal\u0103 de Arte, sub \u00eendrumarea profesorului \u2013 sculptor Gheorghe Manu care l-a sf\u0103tuit s\u0103-\u015fi continue studiile.<\/p>\n<p>(<em>va urma<\/em>)<\/p>\n","protected":false},"excerpt":{"rendered":"<p>Episodul 1 Costan Dip\u0219e \u2013 cu nume de artist \u201eConstantin Dip\u015fe\u201d \u2013 s-a n\u0103scut \u00een satul \u015eurde\u015fti, comuna \u015ei\u015fe\u015fti, jude\u0163ul Maramure\u015f, \u00een 26 septembrie 1917. Bunicul s\u0103u \u2013 Costan Dip\u015fe \u2013 a f\u0103cut parte din grupul de Memorandi\u015fti al\u0103turi de Vasile Lucaciu cu care familia Dip\u015fe a avut leg\u0103turi str\u00e2nse de prietenie. Tat\u0103l s\u0103u, Ioan [&hellip;]<\/p>\n","protected":false},"author":1,"featured_media":0,"comment_status":"open","ping_status":"open","sticky":false,"template":"","format":"standard","meta":{"footnotes":""},"categories":[126,26,22],"tags":[127,130,48,128,129],"class_list":["post-582","post","type-post","status-publish","format-standard","hentry","category-126","category-biografie","category-general","tag-127","tag-baia-mare","tag-constantin-dipse","tag-gheorghe-manu","tag-liceul-gh-sincai"],"_links":{"self":[{"href":"https:\/\/dipse.ro\/constantin\/wp-json\/wp\/v2\/posts\/582","targetHints":{"allow":["GET"]}}],"collection":[{"href":"https:\/\/dipse.ro\/constantin\/wp-json\/wp\/v2\/posts"}],"about":[{"href":"https:\/\/dipse.ro\/constantin\/wp-json\/wp\/v2\/types\/post"}],"author":[{"embeddable":true,"href":"https:\/\/dipse.ro\/constantin\/wp-json\/wp\/v2\/users\/1"}],"replies":[{"embeddable":true,"href":"https:\/\/dipse.ro\/constantin\/wp-json\/wp\/v2\/comments?post=582"}],"version-history":[{"count":0,"href":"https:\/\/dipse.ro\/constantin\/wp-json\/wp\/v2\/posts\/582\/revisions"}],"wp:attachment":[{"href":"https:\/\/dipse.ro\/constantin\/wp-json\/wp\/v2\/media?parent=582"}],"wp:term":[{"taxonomy":"category","embeddable":true,"href":"https:\/\/dipse.ro\/constantin\/wp-json\/wp\/v2\/categories?post=582"},{"taxonomy":"post_tag","embeddable":true,"href":"https:\/\/dipse.ro\/constantin\/wp-json\/wp\/v2\/tags?post=582"}],"curies":[{"name":"wp","href":"https:\/\/api.w.org\/{rel}","templated":true}]}}