{"id":588,"date":"2018-01-26T12:21:44","date_gmt":"2018-01-26T09:21:44","guid":{"rendered":"http:\/\/dipse.ro\/constantin\/?p=588"},"modified":"2018-01-26T12:29:44","modified_gmt":"2018-01-26T09:29:44","slug":"spicuiri-biografice-la-intrarea-in-anul-101-de-la-nasterea-pictorului-constantin-dipse-2","status":"publish","type":"post","link":"https:\/\/dipse.ro\/constantin\/spicuiri-biografice-la-intrarea-in-anul-101-de-la-nasterea-pictorului-constantin-dipse-2\/","title":{"rendered":"Spicuiri biografice la intrarea \u00een anul 101 de la na\u015fterea pictorului Constantin Dip\u0219e (2)"},"content":{"rendered":"<p><strong>Episodul 2<\/strong><\/p>\n<p>La sf\u00e2r\u015fitul verii lui 1940, a plecat pentru studii la Cluj (unde cursurile erau suspendate), apoi spre Timi\u015foara, hot\u0103r\u00e2nd \u00een cele din urm\u0103 s\u0103 se opreasc\u0103 la Bucure\u015fti unde urma s\u0103 primeasc\u0103 un ajutor de refugiat.<\/p>\n<p>De\u015fi examenele practice de la Facultatea de Arte Frumoase \u00eencepuser\u0103 de 3 zile, i s-a permis intrarea \u00een sala de lucru \u015fi a fost admis \u00een anul I la clasa maestrului Nicolae D\u0103r\u0103scu. \u00cen anii urm\u0103tori, a devenit studentul lui Camil Ressu. \u00censu\u015fi maestrul a fost pl\u0103cut surprins afl\u00e2nd c\u0103 la Salonul Oficial de Prim\u0103var\u0103 din 1945 (de pictur\u0103 \u015fi sculptur\u0103), a fost admis\u0103 o compozi\u0163ie a studentului s\u0103u. Sub coordonarea aceluia\u015fi maestru, Camil Ressu, Constantin Dip\u015fe a prezentat \u00een 1948, \u015fi lucrarea echivalat\u0103 \u00een acea perioad\u0103, cu un doctorat.<\/p>\n<p>\u00cen timpul studen\u0163iei a fost \u015fi pe front la Rostov pe Don. A lucrat la Marele Stat Major ca desenator de h\u0103r\u0163i, sub \u201earipa ocrotitoare\u201d a <strong>Comandorului Alexandru Ta\u021bius<\/strong>, care i-a \u00eenlesnit \u0219i participarea la cursuri.<\/p>\n<p>\u00cen imagine:\u00a0Cpt. av. Alexandru Ta\u021bius (\u00een ata\u0219, cu basc) \u0219i cpt. av. Georgescu Gheorghe condu\u0219i la avion de lt. av. Sl\u0103vescu Ioan (cca. 1935)<\/p>\n<p><a href=\"http:\/\/dipse.ro\/constantin\/wp-content\/uploads\/2018\/01\/Cpt-av-Alexandru-Tatius-si-cpt-av-Georgescu-Ghe-dus-la-avian-de-lt-av-Slavescu-Ioan-1.jpg\"><img loading=\"lazy\" decoding=\"async\" class=\"size-full wp-image-595 aligncenter\" src=\"http:\/\/dipse.ro\/constantin\/wp-content\/uploads\/2018\/01\/Cpt-av-Alexandru-Tatius-si-cpt-av-Georgescu-Ghe-dus-la-avian-de-lt-av-Slavescu-Ioan-1.jpg\" alt=\"\" width=\"491\" height=\"321\" srcset=\"https:\/\/dipse.ro\/constantin\/wp-content\/uploads\/2018\/01\/Cpt-av-Alexandru-Tatius-si-cpt-av-Georgescu-Ghe-dus-la-avian-de-lt-av-Slavescu-Ioan-1.jpg 491w, https:\/\/dipse.ro\/constantin\/wp-content\/uploads\/2018\/01\/Cpt-av-Alexandru-Tatius-si-cpt-av-Georgescu-Ghe-dus-la-avian-de-lt-av-Slavescu-Ioan-1-300x196.jpg 300w\" sizes=\"auto, (max-width: 491px) 100vw, 491px\" \/><\/a><\/p>\n<p>&nbsp;<\/p>\n<p><em>(imaginea este publicat\u0103 cu acordul d-lui Dan Antoniu \u0219i este extras\u0103 din volumul\u00a0\u201c<strong>IAR-Potez 25. Avioane construite \u00een Rom\u00e2nia<\/strong>\u201d\u00a0 &#8211; supliment al revistei Modelist cu autori: Dan Antoniu \u0219i George Cico\u0219.<\/em><\/p>\n<p>Apoi, o vreme a fost asistent universitar la catedra de Anatomie comparat\u0103 de la Facultatea de Medicin\u0103 Veterinar\u0103 din Bucure\u015fti \u2013 perioad\u0103 \u00een care a f\u0103cut portretul profesorului medic veterinar Vasile Ghe\u0163ie, membru titular al\u00a0<a href=\"https:\/\/ro.wikipedia.org\/wiki\/Academia_Rom%C3%A2n%C4%83\">Academiei Rom\u00e2ne<\/a>.<\/p>\n<p>(<em>va urma<\/em>)<\/p>\n","protected":false},"excerpt":{"rendered":"<p>Episodul 2 La sf\u00e2r\u015fitul verii lui 1940, a plecat pentru studii la Cluj (unde cursurile erau suspendate), apoi spre Timi\u015foara, hot\u0103r\u00e2nd \u00een cele din urm\u0103 s\u0103 se opreasc\u0103 la Bucure\u015fti unde urma s\u0103 primeasc\u0103 un ajutor de refugiat. De\u015fi examenele practice de la Facultatea de Arte Frumoase \u00eencepuser\u0103 de 3 zile, i s-a permis intrarea [&hellip;]<\/p>\n","protected":false},"author":1,"featured_media":0,"comment_status":"open","ping_status":"open","sticky":false,"template":"","format":"standard","meta":{"footnotes":""},"categories":[126,26,100,22],"tags":[131,134,136,133,135,24,138,5,139,137,132],"class_list":["post-588","post","type-post","status-publish","format-standard","hentry","category-126","category-biografie","category-centenar","category-general","tag-alexandru","tag-capitan","tag-capitan-gheorghe-georgescu","tag-comandor","tag-comandor-alexandru-tatius","tag-constantin","tag-dan-antoniu","tag-dipse","tag-george-cicos","tag-locotenent-aviator-ioan-slavescu","tag-tatius"],"_links":{"self":[{"href":"https:\/\/dipse.ro\/constantin\/wp-json\/wp\/v2\/posts\/588","targetHints":{"allow":["GET"]}}],"collection":[{"href":"https:\/\/dipse.ro\/constantin\/wp-json\/wp\/v2\/posts"}],"about":[{"href":"https:\/\/dipse.ro\/constantin\/wp-json\/wp\/v2\/types\/post"}],"author":[{"embeddable":true,"href":"https:\/\/dipse.ro\/constantin\/wp-json\/wp\/v2\/users\/1"}],"replies":[{"embeddable":true,"href":"https:\/\/dipse.ro\/constantin\/wp-json\/wp\/v2\/comments?post=588"}],"version-history":[{"count":0,"href":"https:\/\/dipse.ro\/constantin\/wp-json\/wp\/v2\/posts\/588\/revisions"}],"wp:attachment":[{"href":"https:\/\/dipse.ro\/constantin\/wp-json\/wp\/v2\/media?parent=588"}],"wp:term":[{"taxonomy":"category","embeddable":true,"href":"https:\/\/dipse.ro\/constantin\/wp-json\/wp\/v2\/categories?post=588"},{"taxonomy":"post_tag","embeddable":true,"href":"https:\/\/dipse.ro\/constantin\/wp-json\/wp\/v2\/tags?post=588"}],"curies":[{"name":"wp","href":"https:\/\/api.w.org\/{rel}","templated":true}]}}