{"id":712,"date":"2020-12-07T09:58:17","date_gmt":"2020-12-07T06:58:17","guid":{"rendered":"http:\/\/dipse.ro\/constantin\/?p=712"},"modified":"2020-12-08T09:46:15","modified_gmt":"2020-12-08T06:46:15","slug":"painea-aniversara","status":"publish","type":"post","link":"https:\/\/dipse.ro\/constantin\/painea-aniversara\/","title":{"rendered":"P\u00e2inea Aniversar\u0103"},"content":{"rendered":"\n<p class=\"has-text-align-center\">150 de ani de la na\u0219terea Casei Memoriale \u201eDip\u0219e\u201d din \u0218urde\u0219ti<\/p>\n\n\n\n<figure class=\"wp-block-image size-large\"><img loading=\"lazy\" decoding=\"async\" width=\"768\" height=\"1024\" src=\"http:\/\/dipse.ro\/constantin\/wp-content\/uploads\/2020\/12\/Cuptorul-nou-cu-painea-rumenita-w-768x1024.jpg\" alt=\"\" class=\"wp-image-714\" srcset=\"https:\/\/dipse.ro\/constantin\/wp-content\/uploads\/2020\/12\/Cuptorul-nou-cu-painea-rumenita-w-768x1024.jpg 768w, https:\/\/dipse.ro\/constantin\/wp-content\/uploads\/2020\/12\/Cuptorul-nou-cu-painea-rumenita-w-225x300.jpg 225w, https:\/\/dipse.ro\/constantin\/wp-content\/uploads\/2020\/12\/Cuptorul-nou-cu-painea-rumenita-w.jpg 1000w\" sizes=\"auto, (max-width: 768px) 100vw, 768px\" \/><\/figure>\n\n\n\n<p>Inima Casei Dip\u0219e a \u00eenceput din nou s\u0103 bat\u0103 pentru \u0218urde\u0219ti, \u00een toamna acestui an 2020, dup\u0103 150 de ani de la na\u0219terea ei.<\/p>\n\n\n\n<p><em>P\u0103rin\u021bi<\/em> i-au fost memorandistul Costan Dip\u0219e \u0219i so\u021bia lui, Aristina. \u00cendelung locuit\u0103 de fiul lor, Ioan Dip\u0219e, purt\u0103tor de drapel la Marea Unire din 1918, cu so\u021bia Ioana, Casa Dip\u0219e a tr\u0103it vremuri de \u00een\u0103l\u021bare \u0219i prosperitate a unei familii ce a condus destinele satului \u0219i care a tr\u0103it bucuriile dar \u0219i fr\u0103m\u00e2nt\u0103rile aduse de vremuri peste ei \u0219i peste cei 7 copii: Viorel, Teofil, Victor, Costan, Gheorghic\u0103, Iulica, Reghinu\u021ba, Fr\u0103sina.&nbsp;<\/p>\n\n\n\n<p>Fiecare \u00een felul lui, s-a \u00eenvrednicit s\u0103 onoreze numele familiei, dup\u0103 credin\u021ba, puterea \u0219i statutul pe care \u0219i l-a c\u00e2\u0219tigat \u00een via\u021b\u0103. Dup\u0103 \u201eplecarea\u201d din <strong><em>Cas\u0103<\/em><\/strong> a ultimului locatar \u2013 Ioana Dip\u015fe, \u201eM\u0103muca\u201d\/ \u201eMo\u015fica\u201d \u2013 \u00een toamna lui 1974 \u2013 toate glasurile ce r\u0103sunaser\u0103 aici, to\u021bi pa\u0219ii care au urcat \u0219i cobor\u00e2t treptele din piatr\u0103, toate rug\u0103ciunile \u00een\u0103l\u021bate c\u0103tre cer de sub acest acoperi\u0219, toate dorin\u021bele de bine \u0219i mai bine, s-au \u00eengropat \u00eentre pere\u021bii cu straturi suprapuse de mieruial\u0103 de culoarea cerului senin.<\/p>\n\n\n\n<p><strong><em>Casa<\/em><\/strong> a intrat \u00een amor\u0163ire.<\/p>\n\n\n\n<p>Lemnul de sub lutul obosit ascundea multe r\u0103ni; doar \u201eme\u0219ter-grinda\u201d din stejar p\u0103rea s\u0103 nu fi renun\u0163at la dorin\u021ba de a dep\u0103\u0219i centenarul Casei. Despre \u0219porul a c\u0103rui urm\u0103 a disp\u0103rut cu totul, mai vorbesc doi-trei nepo\u021bi ce-\u0219i amintesc c\u0103 se cuib\u0103reau pe el \u00eenfrigura\u021bi, sub paza <em>mo\u0219ichii<\/em>.<\/p>\n\n\n\n<p>Cuptorul cu bolta pr\u0103bu\u0219it\u0103, f\u0103r\u0103 u\u0219\u0103, f\u0103r\u0103 horn, z\u0103cea \u00eentr-o mu\u021benie ce p\u0103rea ve\u0219nic\u0103; nu mai avea strop de vlag\u0103 s\u0103 cread\u0103 \u00een z\u00e2ne din pove\u0219ti, mai ales c\u0103 era \u00eengropat sub fiare vechi, cauciucuri de tractor, uleiuri de motor v\u0103rsate pe lutul podelei, r\u0103nit de a\u0219chii de tabl\u0103 ori lucruri vechi, pline de molii. O vreme, <strong><em>Casa<\/em><\/strong> a mai p\u0103strat cheia de lemn originar\u0103 a \u00eencuietorii speciale, semn c\u0103 a r\u0103mas primitoare \u00een spiritul ei. Dar, de \u00eendat\u0103 ce a ajuns \u00een sat un g\u00e2nd de salvare a Casei \u2013 g\u00e2nd socotit de unii ca fiind \u201estr\u0103in\u201d de locurile acelea, pentru c\u0103 venea de la peste 600 km \u015fi deci nedorit \u2013 cheia a disp\u0103rut.<\/p>\n\n\n\n<p>Dintre localnici, vreo doi mai erau \u00een trecere pe acolo &#8211; Voichi\u0163a \u015fi Aurel Dip\u015fe prea osteni\u0163i de munc\u0103.<\/p>\n\n\n\n<p>Pictorul Constantin Dip\u0219e (so\u021bul meu \u2013 de zeci de ani \u00een Bucure\u015fti) era convins c\u0103 urma\u0219ii neamului, vie\u0163uitori \u00een sat, au \u0219tiin\u021ba \u015fi con\u015ftiin\u0163a s\u0103 pre\u021buiasc\u0103 aceast\u0103 <strong><em>Cas\u0103<\/em><\/strong> &nbsp;\u2013 o bijuterie \u00een trup, inim\u0103 \u0219i spirit.<\/p>\n\n\n\n<p>&nbsp;Sub neiubire \u015fi poate ne\u0219tiin\u021b\u0103, <strong><em>Casa<\/em><\/strong> era pe punctul s\u0103 piar\u0103, dac\u0103 Nucul din fa\u021ba ei, de o seam\u0103 cu ea, n-ar fi \u201e\u021binut-o \u00een bra\u021bele lui\u201d \u2013 cu r\u0103d\u0103cini \u0219i ramuri.<\/p>\n\n\n\n<p>Am \u00eenceput reconstruirea \u00een anul 2016 \u015fi am ascultat <em>glasul Nucului<\/em> la fiecare sesiune de \u015fantier, c\u00e2nd \u00eemi rezemam de el spatele, s\u0103-mi alin durerea \u0219i oboseala. Nucul e singurul martor al str\u0103daniei \u015fi efortului de fiecare clip\u0103, de a readuce la via\u021b\u0103 <strong><em>Casa<\/em><\/strong>.<\/p>\n\n\n\n<p><em>\u201e\u2013 Mam\u0103, f\u0103 o P\u00e2ine \u00een cuptor !,<\/em> mi-a cerut Ionu\u021b \u2013 fiul nostru \u2013, <em>\u0219i Inima Casei va bate din nou!\u201d<\/em> Acest Ionu\u021b care, \u00een onoarea tat\u0103lui s\u0103u, pictorul Constantin Dip\u0219e, a parcurs cu bicicleta \u00een anul centenarului na\u0219terii acestuia (2017), \u00eentr-o curs\u0103 singuratic\u0103, drumul de la Bucure\u0219ti la Casa Dip\u0219e din \u0218urde\u0219ti.<\/p>\n\n\n\n<p>Cu sus\u0163inerea lui, mi-a sporit an de an curajul \u0219i r\u0103bdarea s\u0103 continui lucr\u0103rile la restaurarea <strong><em>Casei<\/em><\/strong>, lucr\u0103ri mult mai ample, mai delicate, mai dificile \u0219i mai costisitoare dec\u00e2t mi-am \u00eenchipuit la \u00eenceput de drum. Acum, <strong><em>Casa<\/em><\/strong> are \u015fpor \u015fi cuptor nou, pere\u0163i proasp\u0103t lutui\u0163i, podul \u2013 nou podit.<\/p>\n\n\n\n<p><strong><em>Gusta\u021bi din P\u00e2inea Aniversar\u0103<\/em><\/strong> coapt\u0103 \u00een cuptorul recl\u0103dit \u00een tind\u0103, g\u00e2ndindu-v\u0103 s\u0103 vizita\u021bi o <strong><em>Cas\u0103<\/em><\/strong> care se na\u0219te pentru a doua oar\u0103! \u0218i, dac\u0103 nu va fi pe deplin gata c\u00e2nd sunte\u021bi \u00een preajma ei, s\u0103 v\u0103 \u00eendestula\u021bi privind fiecare centimetru p\u0103trat atins de g\u00e2ndul \u0219i dorin\u021ba de a fi re\u00eenviat.<\/p>\n\n\n\n<p>&nbsp;Pictorul Constantin Dip\u0219e (26 septembrie 1917 \u2013 26 noiembrie 2010) a plecat dintre noi lu\u00e2nd cu el promisiunea noastr\u0103 \u2013 a so\u021biei \u0219i a fiului s\u0103u din Bucure\u0219ti \u2013 c\u0103 <em>Inima Casei<\/em> va bate din nou pentru \u0218urde\u0219ti. Neput\u00e2ndu-i aduna pentru aniversare \u00een anul acesta, \u00een jurul ei, pe cei care ne-au ajutat s\u0103 \u00eei d\u0103m din nou via\u021b\u0103 dar \u0219i pe cei care \u00eenc\u0103 nu au \u00een\u021beles importan\u021ba proiectului, le-am dat spre gustare, ca la un nou botez, o fr\u00e2ntur\u0103 din P\u00e2inea Aniversar\u0103 bine rumenit\u0103, al\u0103turi de o vorb\u0103 de mul\u021bumire pentru sus\u021binerea pe care sper\u0103m s\u0103 o avem \u0219i \u00een continuare.<\/p>\n\n\n\n<p>Sc\u00e2nteia restaur\u0103rii ne-a dat-o domnul Gheorghe Bud \u2013 primarul comunei \u0218i\u0219e\u0219ti. \u201eMoa\u0219a\u201d <strong><em>Casei<\/em><\/strong> a fost doamna R.T. din Baia Mare. \u201eN\u0103na\u0219ele\u201d <strong><em>Casei<\/em><\/strong> au fost surorile Ileana F\u0103t \u0219i Livia F\u0103t, fetele lui Fr\u0103sina \u0219i Nicolae \u021aiple. Me\u0219terul casei \u2013 Badea Onisim Nechifor; \u201edesc\u00e2nt\u0103toarele\u201d <strong><em>Casei<\/em><\/strong>: \u00eenv\u0103\u021b\u0103toarea Nicoleta, nepoatele Rujica, P\u0103rasca \u0219i Maria, Anu\u021ba Pode, Maricica \u0219i so\u021bul Ghi\u021b\u0103 Coruian, nepo\u021bii Felicia \u0219i Nelu Bolo\u0219 din L\u0103schia. Apoi, ajutoare ca ni\u0219te albinu\u021be harnice, mai mul\u021bi elevi \u2013 fete \u0219i b\u0103ie\u021bi de la \u0219coala din sat (ce poart\u0103 numele pictorului) \u2013 care au primit diplome de voluntar.<\/p>\n\n\n\n<p>Mul\u021bumind, a\u0219tept\u0103m \u00een continuare sprijinul specific, extrem de important pentru noi de la Prim\u0103ria din \u0218i\u0219e\u0219ti \u2013 de la domnul primar Ioan Mircea Tenti\u0219, de la domnul viceprimar Costin Gavril, de la doamnele binevoitoare din Prim\u0103rie. Nu uit\u0103m m\u00e2na de ajutor primit\u0103 de la vecini (r\u0103posatul) G\u0103vril\u0103, Vasile \u0219i Valerica, familia Ciocoti\u015fan, vecinul Tanasie.<\/p>\n\n\n\n<p>Cuptorul din Casa Memorial\u0103 Dip\u0219e <em>va coace p\u00e2ine dulce<\/em> pentru to\u021bi cei care vin cu inima deschis\u0103 \u0219i iubitoare spre acest l\u0103ca\u0219.<\/p>\n\n\n\n<p class=\"has-text-align-right\">Prof. univ. dr. Maria Dip\u015fe &#8211; Noiembrie 2020<\/p>\n\n\n\n<figure class=\"wp-block-image size-large\"><img loading=\"lazy\" decoding=\"async\" width=\"1000\" height=\"708\" src=\"http:\/\/dipse.ro\/constantin\/wp-content\/uploads\/2020\/12\/Ioan-Dipse-Tatuca-Mosucu-delegat-la-Marea-Unire-din-1918-w-1.jpg\" alt=\"\" class=\"wp-image-715\" srcset=\"https:\/\/dipse.ro\/constantin\/wp-content\/uploads\/2020\/12\/Ioan-Dipse-Tatuca-Mosucu-delegat-la-Marea-Unire-din-1918-w-1.jpg 1000w, https:\/\/dipse.ro\/constantin\/wp-content\/uploads\/2020\/12\/Ioan-Dipse-Tatuca-Mosucu-delegat-la-Marea-Unire-din-1918-w-1-300x212.jpg 300w, https:\/\/dipse.ro\/constantin\/wp-content\/uploads\/2020\/12\/Ioan-Dipse-Tatuca-Mosucu-delegat-la-Marea-Unire-din-1918-w-1-768x544.jpg 768w\" sizes=\"auto, (max-width: 1000px) 100vw, 1000px\" \/><\/figure>\n\n\n\n<figure class=\"wp-block-image size-large\"><img loading=\"lazy\" decoding=\"async\" width=\"768\" height=\"1024\" src=\"http:\/\/dipse.ro\/constantin\/wp-content\/uploads\/2020\/12\/Mariuca-sotia-pictorului-Constantin-Dipse-w-768x1024.jpg\" alt=\"\" class=\"wp-image-716\" srcset=\"https:\/\/dipse.ro\/constantin\/wp-content\/uploads\/2020\/12\/Mariuca-sotia-pictorului-Constantin-Dipse-w-768x1024.jpg 768w, https:\/\/dipse.ro\/constantin\/wp-content\/uploads\/2020\/12\/Mariuca-sotia-pictorului-Constantin-Dipse-w-225x300.jpg 225w, https:\/\/dipse.ro\/constantin\/wp-content\/uploads\/2020\/12\/Mariuca-sotia-pictorului-Constantin-Dipse-w.jpg 1000w\" sizes=\"auto, (max-width: 768px) 100vw, 768px\" \/><\/figure>\n","protected":false},"excerpt":{"rendered":"<p>150 de ani de la na\u0219terea Casei Memoriale \u201eDip\u0219e\u201d din \u0218urde\u0219ti Inima Casei Dip\u0219e a \u00eenceput din nou s\u0103 bat\u0103 pentru \u0218urde\u0219ti, \u00een toamna acestui an 2020, dup\u0103 150 de ani de la na\u0219terea ei. P\u0103rin\u021bi i-au fost memorandistul Costan Dip\u0219e \u0219i so\u021bia lui, Aristina. \u00cendelung locuit\u0103 de fiul lor, Ioan Dip\u0219e, purt\u0103tor de drapel [&hellip;]<\/p>\n","protected":false},"author":1,"featured_media":0,"comment_status":"open","ping_status":"open","sticky":false,"template":"","format":"standard","meta":{"footnotes":""},"categories":[155,1],"tags":[158,24,5,29,159],"class_list":["post-712","post","type-post","status-publish","format-standard","hentry","category-155","category-fara-categorie","tag-aniversara","tag-constantin","tag-dipse","tag-surdesti","tag-maramures"],"_links":{"self":[{"href":"https:\/\/dipse.ro\/constantin\/wp-json\/wp\/v2\/posts\/712","targetHints":{"allow":["GET"]}}],"collection":[{"href":"https:\/\/dipse.ro\/constantin\/wp-json\/wp\/v2\/posts"}],"about":[{"href":"https:\/\/dipse.ro\/constantin\/wp-json\/wp\/v2\/types\/post"}],"author":[{"embeddable":true,"href":"https:\/\/dipse.ro\/constantin\/wp-json\/wp\/v2\/users\/1"}],"replies":[{"embeddable":true,"href":"https:\/\/dipse.ro\/constantin\/wp-json\/wp\/v2\/comments?post=712"}],"version-history":[{"count":0,"href":"https:\/\/dipse.ro\/constantin\/wp-json\/wp\/v2\/posts\/712\/revisions"}],"wp:attachment":[{"href":"https:\/\/dipse.ro\/constantin\/wp-json\/wp\/v2\/media?parent=712"}],"wp:term":[{"taxonomy":"category","embeddable":true,"href":"https:\/\/dipse.ro\/constantin\/wp-json\/wp\/v2\/categories?post=712"},{"taxonomy":"post_tag","embeddable":true,"href":"https:\/\/dipse.ro\/constantin\/wp-json\/wp\/v2\/tags?post=712"}],"curies":[{"name":"wp","href":"https:\/\/api.w.org\/{rel}","templated":true}]}}