{"id":728,"date":"2022-09-26T16:47:09","date_gmt":"2022-09-26T13:47:09","guid":{"rendered":"https:\/\/dipse.ro\/constantin\/?p=728"},"modified":"2022-09-26T16:47:10","modified_gmt":"2022-09-26T13:47:10","slug":"i-n-v-i-t-a-t-i-e","status":"publish","type":"post","link":"https:\/\/dipse.ro\/constantin\/i-n-v-i-t-a-t-i-e\/","title":{"rendered":"I N V I T A \u021a I E"},"content":{"rendered":"\n<p class=\"has-text-align-center\"><strong>C\u0103tre Casele de licita\u021bie \u0219i<\/strong><\/p>\n\n\n\n<p class=\"has-text-align-center\"><strong>magazinele de art\u0103 cu v\u00e2nzare online din Rom\u00e2nia:<\/strong><\/p>\n\n\n\n<p class=\"has-text-align-center\"><strong><a href=\"https:\/\/www.artmark.ro\/\">ARTMARK<\/a><\/strong><strong><\/strong><\/p>\n\n\n\n<p class=\"has-text-align-center\"><strong><a href=\"https:\/\/alis.ro\/\">ALIS<\/a><\/strong><\/p>\n\n\n\n<p class=\"has-text-align-center\"><strong><a href=\"https:\/\/www.araart.ro\/\">ARA ART<\/a><\/strong><\/p>\n\n\n\n<p class=\"has-text-align-center\"><strong><a href=\"http:\/\/www.colors-art.ro\/\">COLORS ART Gallery<\/a><\/strong><\/p>\n\n\n\n<p class=\"has-text-align-center\"><strong><a href=\"http:\/\/www.goldart.ro\/\">GOLDART<\/a><\/strong><\/p>\n\n\n\n<p class=\"has-text-align-center\"><strong><a href=\"http:\/\/www.goldartgallery.ro\/\">GOLDART Gallery<\/a><\/strong><\/p>\n\n\n\n<p class=\"has-text-align-center\"><strong><a href=\"http:\/\/www.monavissa.ro\/\">MONAVISSA<\/a><\/strong><\/p>\n\n\n\n<p class=\"has-text-align-center\"><strong><a href=\"http:\/\/www.galeriaquadro.ro\/\">QUADRO<\/a><\/strong><\/p>\n\n\n\n<p class=\"has-text-align-center\"><a href=\"https:\/\/vikart.ro\/\"><strong>VIKART<\/strong><\/a><\/p>\n\n\n\n<p><\/p>\n\n\n\n<p class=\"has-text-align-center\"><strong><u>De la<\/u><\/strong><\/p>\n\n\n\n<p class=\"has-text-align-center\">Maria Dip\u0219e (so\u021bie\/v\u0103duv\u0103) \u0219i Ion-Costan Dip\u0219e (fiu) \u2013 urma\u0219ii pictorului Constantin DIP\u0218E<\/p>\n\n\n\n<p class=\"has-text-align-center\">(n. 26 septembrie 1917 \u2013 d. 26 noiembrie 2010)<\/p>\n\n\n\n<p class=\"has-text-align-center\"><strong><u>Pentru<\/u><\/strong><\/p>\n\n\n\n<p class=\"has-text-align-center\">Proiectul \u00een desf\u0103\u0219urare:<\/p>\n\n\n\n<p class=\"has-text-align-center\"><strong><em>\u00ab&nbsp;Catalog exhaustiv&nbsp;Constantin Dip\u0219e \u00bb<\/em><\/strong><strong><\/strong><\/p>\n\n\n\n<p class=\"has-text-align-center\"><\/p>\n\n\n\n<p class=\"has-text-align-center\"><strong><em>Acum, c\u00e2nd pictorul <\/em><\/strong>Constantin DIP\u0218E <strong><em>ar fi \u00eemplinit 105 ani,<\/em><\/strong><\/p>\n\n\n\n<p class=\"has-text-align-center\"><strong><em>v\u0103 invit\u0103m \u0219i v\u0103 rug\u0103m s\u0103 fi\u021bi un partener pentru acest proiect, permi\u021b\u00e2ndu-ne s\u0103 facem fotografii dup\u0103 lucr\u0103rile artistului pe care le gestiona\u021bi (acum \u0219i \u00een viitor) sau furniz\u00e2ndu-ne imagini cu rezolu\u021bie adecvat\u0103 public\u0103rii \u00een \u00ab&nbsp;Catalog&nbsp;\u00bb, inclusiv pentru lucr\u0103ri deja v\u00e2ndute.<\/em><\/strong><\/p>\n\n\n\n<p class=\"has-text-align-center\"><strong><em>Sunt necesare: imagini de ansamblu (fa\u021b\u0103-verso), imagini dup\u0103 semn\u0103tur\u0103 \u0219i dup\u0103 detalii ce eviden\u021biaz\u0103 caracteristici de tehnic\u0103 a realiz\u0103rii.<\/em><\/strong><\/p>\n\n\n\n<p class=\"has-text-align-center\"><strong>Angajamentul nostru<\/strong>:<\/p>\n\n\n\n<p class=\"has-text-align-center\">Pentru o bun\u0103 \u0219i corect\u0103 colaborare, ne angaj\u0103m s\u0103 men\u021bion\u0103m contribu\u021bia dumneavoastr\u0103 \u00een lucrarea ce va rezulta.<\/p>\n\n\n\n<p class=\"has-text-align-center\">Transferul imaginilor va face obiectul unei conven\u021bii.<\/p>\n","protected":false},"excerpt":{"rendered":"<p>C\u0103tre Casele de licita\u021bie \u0219i magazinele de art\u0103 cu v\u00e2nzare online din Rom\u00e2nia: ARTMARK ALIS ARA ART COLORS ART Gallery GOLDART GOLDART Gallery MONAVISSA QUADRO VIKART De la Maria Dip\u0219e (so\u021bie\/v\u0103duv\u0103) \u0219i Ion-Costan Dip\u0219e (fiu) \u2013 urma\u0219ii pictorului Constantin DIP\u0218E (n. 26 septembrie 1917 \u2013 d. 26 noiembrie 2010) Pentru Proiectul \u00een desf\u0103\u0219urare: \u00ab&nbsp;Catalog exhaustiv&nbsp;Constantin [&hellip;]<\/p>\n","protected":false},"author":1,"featured_media":0,"comment_status":"open","ping_status":"open","sticky":false,"template":"","format":"standard","meta":{"footnotes":""},"categories":[1],"tags":[164,165,162,163,161,166,48,169,167,168,170,171],"class_list":["post-728","post","type-post","status-publish","format-standard","hentry","category-fara-categorie","tag-alis","tag-ara-art","tag-arta","tag-artmark","tag-casa-licitatie","tag-colors-art","tag-constantin-dipse","tag-gallery","tag-goldart","tag-monavissa","tag-quadro","tag-vikart"],"_links":{"self":[{"href":"https:\/\/dipse.ro\/constantin\/wp-json\/wp\/v2\/posts\/728","targetHints":{"allow":["GET"]}}],"collection":[{"href":"https:\/\/dipse.ro\/constantin\/wp-json\/wp\/v2\/posts"}],"about":[{"href":"https:\/\/dipse.ro\/constantin\/wp-json\/wp\/v2\/types\/post"}],"author":[{"embeddable":true,"href":"https:\/\/dipse.ro\/constantin\/wp-json\/wp\/v2\/users\/1"}],"replies":[{"embeddable":true,"href":"https:\/\/dipse.ro\/constantin\/wp-json\/wp\/v2\/comments?post=728"}],"version-history":[{"count":4,"href":"https:\/\/dipse.ro\/constantin\/wp-json\/wp\/v2\/posts\/728\/revisions"}],"predecessor-version":[{"id":733,"href":"https:\/\/dipse.ro\/constantin\/wp-json\/wp\/v2\/posts\/728\/revisions\/733"}],"wp:attachment":[{"href":"https:\/\/dipse.ro\/constantin\/wp-json\/wp\/v2\/media?parent=728"}],"wp:term":[{"taxonomy":"category","embeddable":true,"href":"https:\/\/dipse.ro\/constantin\/wp-json\/wp\/v2\/categories?post=728"},{"taxonomy":"post_tag","embeddable":true,"href":"https:\/\/dipse.ro\/constantin\/wp-json\/wp\/v2\/tags?post=728"}],"curies":[{"name":"wp","href":"https:\/\/api.w.org\/{rel}","templated":true}]}}