{"id":767,"date":"2025-11-26T12:19:13","date_gmt":"2025-11-26T09:19:13","guid":{"rendered":"https:\/\/dipse.ro\/constantin\/?p=767"},"modified":"2025-11-26T12:19:14","modified_gmt":"2025-11-26T09:19:14","slug":"floarea-amintirii","status":"publish","type":"post","link":"https:\/\/dipse.ro\/constantin\/floarea-amintirii\/","title":{"rendered":"Floarea amintirii"},"content":{"rendered":"\n<p>De 15 ani, \u00een fiecare noiembrie, Violetele de Parma \u00eenfloresc la noi.<\/p>\n\n\n\n<p>Chiar azi, 26 noiembrie, s-au deschis din nou, ca un dor viu, ad\u00e2nc.<\/p>\n\n\n\n<p>Acum 15 ani, \u00een aceast\u0103 zi, ele au fost ultimele pe care le-a pictat Constantin Dip\u0219e. O p\u00e2nz\u0103 neterminat\u0103, atins\u0103 pentru ultima oar\u0103 de penelul lui.<\/p>\n\n\n\n<p>De atunci, acest buchet \u0219i florile care au crescut din el ne sunt al\u0103turi. Ne \u00eenso\u021besc, sear\u0103 de sear\u0103, rug\u0103ciunea pentru odihna \u00een pace a artistului Constantin Dip\u0219e.<\/p>\n\n\n<div class=\"wp-block-image\">\n<figure class=\"aligncenter size-large\"><a href=\"https:\/\/dipse.ro\/constantin\/wp-content\/uploads\/2025\/11\/WhatsApp-Image-2025-11-26-at-11.04.57-1.jpeg\"><img loading=\"lazy\" decoding=\"async\" width=\"683\" height=\"1024\" src=\"https:\/\/dipse.ro\/constantin\/wp-content\/uploads\/2025\/11\/WhatsApp-Image-2025-11-26-at-11.04.57-1-683x1024.jpeg\" alt=\"\" class=\"wp-image-768\" srcset=\"https:\/\/dipse.ro\/constantin\/wp-content\/uploads\/2025\/11\/WhatsApp-Image-2025-11-26-at-11.04.57-1-683x1024.jpeg 683w, https:\/\/dipse.ro\/constantin\/wp-content\/uploads\/2025\/11\/WhatsApp-Image-2025-11-26-at-11.04.57-1-200x300.jpeg 200w, https:\/\/dipse.ro\/constantin\/wp-content\/uploads\/2025\/11\/WhatsApp-Image-2025-11-26-at-11.04.57-1-768x1152.jpeg 768w, https:\/\/dipse.ro\/constantin\/wp-content\/uploads\/2025\/11\/WhatsApp-Image-2025-11-26-at-11.04.57-1-1024x1536.jpeg 1024w, https:\/\/dipse.ro\/constantin\/wp-content\/uploads\/2025\/11\/WhatsApp-Image-2025-11-26-at-11.04.57-1.jpeg 1365w\" sizes=\"auto, (max-width: 683px) 100vw, 683px\" \/><\/a><\/figure><\/div>","protected":false},"excerpt":{"rendered":"<p>De 15 ani, \u00een fiecare noiembrie, Violetele de Parma \u00eenfloresc la noi. Chiar azi, 26 noiembrie, s-au deschis din nou, ca un dor viu, ad\u00e2nc. Acum 15 ani, \u00een aceast\u0103 zi, ele au fost ultimele pe care le-a pictat Constantin Dip\u0219e. O p\u00e2nz\u0103 neterminat\u0103, atins\u0103 pentru ultima oar\u0103 de penelul lui. De atunci, acest buchet [&hellip;]<\/p>\n","protected":false},"author":1,"featured_media":0,"comment_status":"open","ping_status":"open","sticky":false,"template":"","format":"standard","meta":{"footnotes":""},"categories":[179,22],"tags":[183,70,48,29,184],"class_list":["post-767","post","type-post","status-publish","format-standard","hentry","category-179","category-general","tag-26-noiembrie","tag-bucuresti","tag-constantin-dipse","tag-surdesti","tag-violeta-de-parma"],"_links":{"self":[{"href":"https:\/\/dipse.ro\/constantin\/wp-json\/wp\/v2\/posts\/767","targetHints":{"allow":["GET"]}}],"collection":[{"href":"https:\/\/dipse.ro\/constantin\/wp-json\/wp\/v2\/posts"}],"about":[{"href":"https:\/\/dipse.ro\/constantin\/wp-json\/wp\/v2\/types\/post"}],"author":[{"embeddable":true,"href":"https:\/\/dipse.ro\/constantin\/wp-json\/wp\/v2\/users\/1"}],"replies":[{"embeddable":true,"href":"https:\/\/dipse.ro\/constantin\/wp-json\/wp\/v2\/comments?post=767"}],"version-history":[{"count":1,"href":"https:\/\/dipse.ro\/constantin\/wp-json\/wp\/v2\/posts\/767\/revisions"}],"predecessor-version":[{"id":769,"href":"https:\/\/dipse.ro\/constantin\/wp-json\/wp\/v2\/posts\/767\/revisions\/769"}],"wp:attachment":[{"href":"https:\/\/dipse.ro\/constantin\/wp-json\/wp\/v2\/media?parent=767"}],"wp:term":[{"taxonomy":"category","embeddable":true,"href":"https:\/\/dipse.ro\/constantin\/wp-json\/wp\/v2\/categories?post=767"},{"taxonomy":"post_tag","embeddable":true,"href":"https:\/\/dipse.ro\/constantin\/wp-json\/wp\/v2\/tags?post=767"}],"curies":[{"name":"wp","href":"https:\/\/api.w.org\/{rel}","templated":true}]}}