{"id":98,"date":"2013-02-02T07:58:10","date_gmt":"2013-02-02T05:58:10","guid":{"rendered":"http:\/\/dipse.ro\/constantin\/?p=98"},"modified":"2013-02-02T18:16:43","modified_gmt":"2013-02-02T16:16:43","slug":"pasari-si-pod-pentru-furnici-i","status":"publish","type":"post","link":"https:\/\/dipse.ro\/constantin\/pasari-si-pod-pentru-furnici-i\/","title":{"rendered":"P\u0103s\u0103ri \u015fi Pod pentru Furnici (I)"},"content":{"rendered":"<p>Constantin (Costan) Dip\u015fe a avut o copil\u0103rie prelungit\u0103, c\u0103ci din cei 8 fra\u0163i, nu el era cel \u201emenit\u201d de p\u0103rin\u0163i s\u0103 urmeze \u015fcoli \u00eenalte.<br \/>\nCu toate acestea, destinul sus\u0163inut de voin\u0163a \u015fi dorin\u0163a lui Costan Dip\u015fe, l-a condus s\u0103 studieze Artele Frumoase la Bucure\u015fti \u015fi chiar s\u0103 fac\u0103 un doctorat cu renumitul pictor Camil Ressu, devenind el \u00eensu\u015fi un pictor cu stil artistic bine conturat \u015fi foarte personal.<br \/>\nCum toate sunt r\u00e2nduite pe lumea aceasta, rostul copil\u0103riei prelungite s-a adeverit a fi acela c\u0103 sufletul, mintea \u015fi spiritul lui s-au \u00eendestulat din armonii nesf\u00e2r\u015fite de forme \u015fi culoare din natur\u0103 \u015fi au hr\u0103nit mai apoi imagina\u0163ia \u015fi creativitatea artistic\u0103 a Pictorului.<br \/>\nUna din \u00eendeletnicirile copil\u0103riei sale era s\u0103 duc\u0103 vitele la p\u0103scut \u00een afara satului \u015eurde\u015fti. Odat\u0103 la c\u00e2teva zile \u00eei aducea merinde sora lui mai mare \u2013 Reghinu\u0163a \u2013 despre care se spunea c\u0103 \u201ehorea tare m\u00e2ndru\u201d [c\u00e2nta foarte frumos].<br \/>\n\tZiua \u015fi noaptea, mai mult singur, \u00eentre Cer \u015fi P\u0103m\u00e2nt, viitorul pictor cioplea \u00een lemn, asculta P\u0103s\u0103rile \u015fi urm\u0103rea Furnicile.<br \/>\nAm z\u0103bovit pe acest episod din copil\u0103ria Pictorului, la prima \u00eent\u00e2lnire cu elevii din \u015ecoala din \u015eurde\u015fti, \u00een octombrie 2012, c\u00e2nd le-am spus c\u0103 artistul recuno\u015ftea de c\u00e2nd era prunc, c\u00e2ntecul fiec\u0103rei P\u0103s\u0103ri, \u015fi c\u0103 tot la vremea aceea, construia din fire de iarb\u0103 pod pentru furnici,  peste c\u00e2te un fir de ap\u0103.<br \/>\nP\u0103s\u0103rile \u015fi Podul pentru Furnici \u2013 au fost a\u015fadar, subiectele principale ale primelor desene semnate de copiii din clasele 1-4, desene prin care aveau s\u0103-l omagieze pe Pictor, dup\u0103 puterile \u015fi sensibilitatea lor. <\/p>\n<p style=\"text-align: center;\"><strong>Ana-Maria<\/strong><\/p>\n<p><img decoding=\"async\" src=\"http:\/\/www.dipse.ro\/constantin\/foto\/Scoala\/pasaripodfurnici\/1\/ana-maria-P.jpg\" alt=\"\" \/><\/p>\n<p><img decoding=\"async\" src=\"http:\/\/www.dipse.ro\/constantin\/foto\/Scoala\/pasaripodfurnici\/1\/Ana-maria.jpg\" alt=\"\" \/><\/p>\n<p style=\"text-align: center;\"><strong>Larisa Bud<\/strong><\/p>\n<p><img decoding=\"async\" src=\"http:\/\/www.dipse.ro\/constantin\/foto\/Scoala\/pasaripodfurnici\/1\/Bud-Larisa.jpg\" alt=\"\" \/><\/p>\n<p style=\"text-align: center;\"><strong>Carla Maria<\/strong><\/p>\n<p><img decoding=\"async\" src=\"http:\/\/www.dipse.ro\/constantin\/foto\/Scoala\/pasaripodfurnici\/1\/Carla-maria.jpg\" alt=\"\" \/><\/p>\n<p><img decoding=\"async\" src=\"http:\/\/www.dipse.ro\/constantin\/foto\/Scoala\/pasaripodfurnici\/1\/carla-maria-2.jpg\" alt=\"\" \/><\/p>\n<p style=\"text-align: center;\"><strong>Amalia Ciocotisan<\/strong><\/p>\n<p><img decoding=\"async\" src=\"http:\/\/www.dipse.ro\/constantin\/foto\/Scoala\/pasaripodfurnici\/1\/Ciocotisan-Amalia-Iona.jpg\" alt=\"\" \/><\/p>\n<p><img decoding=\"async\" src=\"http:\/\/www.dipse.ro\/constantin\/foto\/Scoala\/pasaripodfurnici\/1\/Ciocotisan-Sebastian.jpg\" alt=\"\" \/><\/p>\n<p style=\"text-align: center;\"><strong>Georgiana Ciurcas<\/strong><\/p>\n<p><img decoding=\"async\" src=\"http:\/\/www.dipse.ro\/constantin\/foto\/Scoala\/pasaripodfurnici\/1\/Ciurcas-Georgiana-2.jpg\" alt=\"\" \/><\/p>\n<p style=\"text-align: center;\"><strong>Paula Cotot<\/strong><\/p>\n<p><img decoding=\"async\" src=\"http:\/\/www.dipse.ro\/constantin\/foto\/Scoala\/pasaripodfurnici\/1\/Cotot-Paula.jpg\" alt=\"\" \/><\/p>\n<p style=\"text-align: center;\"><strong>Marian Craciun<\/strong><\/p>\n<p><img decoding=\"async\" src=\"http:\/\/www.dipse.ro\/constantin\/foto\/Scoala\/pasaripodfurnici\/1\/Craciun-Marian.jpg\" alt=\"\" \/><\/p>\n<p style=\"text-align: center;\"><strong>Iulia Dan<\/strong><\/p>\n<p><img decoding=\"async\" src=\"http:\/\/www.dipse.ro\/constantin\/foto\/Scoala\/pasaripodfurnici\/1\/Dan-iulia-2.jpg\" alt=\"\" \/><\/p>\n<p><img decoding=\"async\" src=\"http:\/\/www.dipse.ro\/constantin\/foto\/Scoala\/pasaripodfurnici\/1\/Dan-iulia-P.jpg\" alt=\"\" \/><\/p>\n<p style=\"text-align: center;\"><strong>Paul Dan<\/strong><\/p>\n<p><img decoding=\"async\" src=\"http:\/\/www.dipse.ro\/constantin\/foto\/Scoala\/pasaripodfurnici\/1\/Dan-Paul.jpg\" alt=\"\" \/><\/p>\n<p style=\"text-align: center;\"><strong>Adi Demian<\/strong><\/p>\n<p><img decoding=\"async\" src=\"http:\/\/www.dipse.ro\/constantin\/foto\/Scoala\/pasaripodfurnici\/1\/demian-Adi-2.jpg\" alt=\"\" \/><\/p>\n<p style=\"text-align: center;\"><strong>Andreea Dipse<\/strong><\/p>\n<p><img decoding=\"async\" src=\"http:\/\/www.dipse.ro\/constantin\/foto\/Scoala\/pasaripodfurnici\/1\/Dipse-Andreea-2.jpg\" alt=\"\" \/><\/p>\n<p style=\"text-align: center;\"><strong>Roxana Dipse<\/strong><\/p>\n<p><img decoding=\"async\" src=\"http:\/\/www.dipse.ro\/constantin\/foto\/Scoala\/pasaripodfurnici\/1\/Dipse-Roxana-1.jpg\" alt=\"\" \/><\/p>\n","protected":false},"excerpt":{"rendered":"<p>Constantin (Costan) Dip\u015fe a avut o copil\u0103rie prelungit\u0103, c\u0103ci din cei 8 fra\u0163i, nu el era cel \u201emenit\u201d de p\u0103rin\u0163i s\u0103 urmeze \u015fcoli \u00eenalte. Cu toate acestea, destinul sus\u0163inut de voin\u0163a \u015fi dorin\u0163a lui Costan Dip\u015fe, l-a condus s\u0103 studieze Artele Frumoase la Bucure\u015fti \u015fi chiar s\u0103 fac\u0103 un doctorat cu renumitul pictor Camil Ressu, [&hellip;]<\/p>\n","protected":false},"author":1,"featured_media":0,"comment_status":"open","ping_status":"open","sticky":false,"template":"","format":"standard","meta":{"footnotes":""},"categories":[25,26,22],"tags":[],"class_list":["post-98","post","type-post","status-publish","format-standard","hentry","category-25","category-biografie","category-general"],"_links":{"self":[{"href":"https:\/\/dipse.ro\/constantin\/wp-json\/wp\/v2\/posts\/98","targetHints":{"allow":["GET"]}}],"collection":[{"href":"https:\/\/dipse.ro\/constantin\/wp-json\/wp\/v2\/posts"}],"about":[{"href":"https:\/\/dipse.ro\/constantin\/wp-json\/wp\/v2\/types\/post"}],"author":[{"embeddable":true,"href":"https:\/\/dipse.ro\/constantin\/wp-json\/wp\/v2\/users\/1"}],"replies":[{"embeddable":true,"href":"https:\/\/dipse.ro\/constantin\/wp-json\/wp\/v2\/comments?post=98"}],"version-history":[{"count":0,"href":"https:\/\/dipse.ro\/constantin\/wp-json\/wp\/v2\/posts\/98\/revisions"}],"wp:attachment":[{"href":"https:\/\/dipse.ro\/constantin\/wp-json\/wp\/v2\/media?parent=98"}],"wp:term":[{"taxonomy":"category","embeddable":true,"href":"https:\/\/dipse.ro\/constantin\/wp-json\/wp\/v2\/categories?post=98"},{"taxonomy":"post_tag","embeddable":true,"href":"https:\/\/dipse.ro\/constantin\/wp-json\/wp\/v2\/tags?post=98"}],"curies":[{"name":"wp","href":"https:\/\/api.w.org\/{rel}","templated":true}]}}