{"id":257,"date":"2009-01-06T16:21:53","date_gmt":"2009-01-06T14:21:53","guid":{"rendered":"http:\/\/www.dipse.ro\/ionut\/?p=257"},"modified":"2009-01-06T16:21:53","modified_gmt":"2009-01-06T14:21:53","slug":"texturi-de-iarna","status":"publish","type":"post","link":"https:\/\/dipse.ro\/ionut\/texturi-de-iarna\/","title":{"rendered":"Texturi de iarn\u0103"},"content":{"rendered":"<p>Prima z\u0103pad\u0103, la ora 8, azi diminea\u0163\u0103.<\/p>\n<p><img decoding=\"async\" src=\"https:\/\/dipse.ro\/ionut\/foto\/6ian2009\/tex1.jpg\" \/><\/p>\n<p><img decoding=\"async\" src=\"https:\/\/dipse.ro\/ionut\/foto\/6ian2009\/tex2.jpg\" \/><\/p>\n","protected":false},"excerpt":{"rendered":"<p>Prima z\u0103pad\u0103, la ora 8, azi diminea\u0163\u0103.<\/p>\n","protected":false},"author":1,"featured_media":0,"comment_status":"open","ping_status":"open","sticky":false,"template":"","format":"standard","meta":{"footnotes":""},"categories":[5,1],"tags":[],"_links":{"self":[{"href":"https:\/\/dipse.ro\/ionut\/wp-json\/wp\/v2\/posts\/257"}],"collection":[{"href":"https:\/\/dipse.ro\/ionut\/wp-json\/wp\/v2\/posts"}],"about":[{"href":"https:\/\/dipse.ro\/ionut\/wp-json\/wp\/v2\/types\/post"}],"author":[{"embeddable":true,"href":"https:\/\/dipse.ro\/ionut\/wp-json\/wp\/v2\/users\/1"}],"replies":[{"embeddable":true,"href":"https:\/\/dipse.ro\/ionut\/wp-json\/wp\/v2\/comments?post=257"}],"version-history":[{"count":0,"href":"https:\/\/dipse.ro\/ionut\/wp-json\/wp\/v2\/posts\/257\/revisions"}],"wp:attachment":[{"href":"https:\/\/dipse.ro\/ionut\/wp-json\/wp\/v2\/media?parent=257"}],"wp:term":[{"taxonomy":"category","embeddable":true,"href":"https:\/\/dipse.ro\/ionut\/wp-json\/wp\/v2\/categories?post=257"},{"taxonomy":"post_tag","embeddable":true,"href":"https:\/\/dipse.ro\/ionut\/wp-json\/wp\/v2\/tags?post=257"}],"curies":[{"name":"wp","href":"https:\/\/api.w.org\/{rel}","templated":true}]}}