{"id":269,"date":"2009-06-06T15:05:56","date_gmt":"2009-06-06T13:05:56","guid":{"rendered":"http:\/\/www.dipse.ro\/ionut\/?p=269"},"modified":"2009-06-06T15:05:56","modified_gmt":"2009-06-06T13:05:56","slug":"expozitia-de-pictura-esente-constantin-dipse","status":"publish","type":"post","link":"https:\/\/dipse.ro\/ionut\/expozitia-de-pictura-esente-constantin-dipse\/","title":{"rendered":"Expozi\u0163ia de pictur\u0103 &#8222;Esen\u0163e&#8221;  &#8211;  Constantin Dip\u015fe"},"content":{"rendered":"<p><img decoding=\"async\" src=\"https:\/\/dipse.ro\/ionut\/foto\/Afis esente mic.jpg\" \/><\/p>\n<p>Muzeul Na\u0163ional al Satului &#8222;Dimitrie Gusti&#8221; organizeaz\u0103 \u00een perioada 5-30 iunie 2009 expozi\u0163ia &#8222;Esen\u0163e&#8221; a pictorului Constantin Dip\u015fe.<\/p>\n<p><strong>Constantin Dip\u015fe<\/strong><\/p>\n<p>artist &#8211; pictor<\/p>\n<p>92 ani (n\u0103scut \u00een satul \u015eurde\u015fti, jud. Maramure\u015f, la 4 octombrie 1917)<\/p>\n<p><strong>Ordinul \u201eMeritul Cultural Cl. V\u201d | Medalia \u201eMeritul Cultural Cl. I\u201d\u00a0<\/strong><\/p>\n<p><strong \/><\/p>\n<p><strong>Forma\u0163ia ca artist &#8211; pictor\u00a0<\/strong><\/p>\n<p>\u2022 1948 &#8211; doctorat \u00een Arte Frumoase la Prof. Camil RESSU<\/p>\n<p>\u2022 1945 &#8211; licen\u0163iat al Academiei de Arte Frumoase din Bucure\u015fti, elev al mae\u015ftrilor Nicolae D\u0103r\u0103scu \u015fi Camil Ressu<\/p>\n<p>\u2022 1940 &#8211; absolvent al \u015ecolii Liberale de Arte Frumoase din Baia Mare, clasa prof. Gh. Manu<\/p>\n<p>\u2022 1937 &#8211; absolvent al Liceului Gh. \u015eincai din Baia Mare<\/p>\n<p><strong \/><\/p>\n<p><strong>Activitate socio-profesional\u0103\u00a0<\/strong><\/p>\n<p>\u2022 1978 &#8211; 1981 &#8211; membru \u00een Comitetul UAP &#8211; sec\u0163ia pictur\u0103<\/p>\n<p>\u2022 1970 &#8211; 1974 &#8211; membru \u00een Comisia de repartizare a lucr\u0103rilor \u00een cadrul Fondului Plastic<\/p>\n<p>\u2022 1965 &#8211; 1969 &#8211; membru \u00een Comisia de evaluare a Fondului Plastic<\/p>\n<p>\u2022 1945 &#8211; prezent &#8211; membru al Sindicatului Artelor Frumoase<\/p>\n<p>\u2022 1946 &#8211; 1948 &#8211; secretar al UNSR (Uniunea Na\u0163ional\u0103 a Studen\u0163ilor din Rom\u00e2nia &#8211; Academia de Arte Frumoase \u015fi Conservatorul de Muzic\u0103)<\/p>\n<p><strong \/><\/p>\n<p><strong \/><\/p>\n<p><strong>Activitatea de crea\u0163ie<\/strong><\/p>\n<p>\u2022 1945 &#8211; prima participare la Salonul Oficial de prim\u0103var\u0103, de pictur\u0103 \u015fi sculptur\u0103 cu o compozi\u0163ie<\/p>\n<p>\u2022 1951 (1 ianuarie) &#8211; membru definitiv al Uniunii Arti\u015ftilor Plastici<\/p>\n<p><strong \/><\/p>\n<p><strong>PARTICIPARE LA:\u00a0<\/strong><\/p>\n<p>\u2022 toate manifest\u0103rile organizate de c\u0103tre Consiliul Culturii, de Comitetul de Cultur\u0103 al municipiului Bucure\u015fti \u015fi al Uniunii arti\u015ftilor Plastici din Bucure\u015fti;<\/p>\n<p>\u2022 diverse manifest\u0103ri organizate de: Muzeul Republicii, Muzeul Simu, Muzeul Bruckental din Sibiu, Muzeul Cri\u015furilor din Oradea, Muzeul de Art\u0103 din Arad, Muzeul de Art\u0103 din Constan\u0163a, Muzeul Maramure\u015fului din Baia Mare, Muzeul de art\u0103 din Suceava \u015fi din Boto\u015fani;<\/p>\n<p>\u2022 manifest\u0103ri organizate de Comitetele de Cultur\u0103 din jude\u0163ele: Tulcea, Maramure\u015f, Bihor, D\u00e2mbovi\u0163a, Hunedoara, Cara\u015f-Severin etc.;<\/p>\n<p>\u2022 expozi\u0163ii peste hotare organizate de Comitetul de Cultur\u0103 (\u015fi Educa\u0163ie Socialist\u0103) sau UAP \u00een : India, Japonia, Pakistan, Israel, Grecia, Italia, Fran\u0163a, Germania, Austria, Polonia, Finlanda, Cehoslovacia, URSS, Ungaria.<\/p>\n<p><strong \/><\/p>\n<p><strong>EXPOZI\u0162II COLECTIVE\u00a0<\/strong><\/p>\n<p>1975: Expozi\u0163ie de stat, Bucure\u015fti | Expozi\u0163ie de grup,Grecia | Expozi\u0163ie \u00een cinstea femeii, Galeria Nou\u0103 Bucure\u015fti | Expozi\u0163ie \u00een cinstea femeii, Galeria Mun. Bucure\u015fti | Expozi\u0163ia: \u201eDesene din documentare\u201d &#8211; Galeria Galateea | Expozi\u0163ie, Tulcea | Expozi\u0163ie la Ministerul de Externe<\/p>\n<p>1976 \u201eMagistralele socialismului\u201d, Ateneu | Bienala, Dalles | Expozi\u0163ie de grup, Berlin | \u201eOmul \u015fi natura\u201d, Galeria Nou\u0103 | \u201ePeisajul rom\u00e2nesc\u201d &#8211; Simeza | \u201eGrivi\u0163a ro\u015fie\u201d | Expozi\u0163ie de grup &#8211; Viena | Expozi\u0163ia municipal\u0103 &#8211; Dalles<\/p>\n<p>1977 \u201eT\u0103r\u0103nimea, puternic\u0103 for\u0163\u0103 social\u0103 \u015fi revolu\u0163ionar\u0103\u201d, Dalles | \u201eAniversarea independen\u0163ei 1877\u201d, Dalles | \u201eC\u00e2ntarea Rom\u00e2niei\u201d &#8211; Muzeul RSR | Expozi\u0163ie de grup &#8211; Moscova | \u201ePeisajul patriei\u201d &#8211; expozi\u0163ie itinerant\u0103 | Expozi\u0163ie de grup &#8211; Finlanda | Expozi\u0163ie de grup la Uzinele Republica | Expozi\u0163ie municipal\u0103 | \u201ePeisajul rural \u00een pictura rom\u00e2neasc\u0103\u201d &#8211; Muzeul \u0162\u0103rii Cri\u015furilor, Oradea | Expozi\u0163ie de grup dup\u0103 documentare &#8211; T\u00e2rgovi\u015fte<\/p>\n<p><strong \/><\/p>\n<p><strong>EXPOZI\u0162II PERSONALE\u00a0<\/strong><\/p>\n<p>\u2022 2002 &#8211; Galeria Simeza &#8211; Bucure\u015fti<\/p>\n<p>\u2022 1995 august &#8211; Galeria Simeza &#8211; Bucure\u015fti<\/p>\n<p>\u2022 1995 februarie &#8211; Banca Rom\u00e2n\u0103 de Comer\u0163 Exterior, World Trade Plaza &#8211; Bucure\u015fti<\/p>\n<p>\u2022 1981 &#8211; Galeria Simeza &#8211; Bucure\u015fti<\/p>\n<p>\u2022 1975 &#8211; Galeria Simeza &#8211; Bucure\u015fti<\/p>\n<p>\u2022 1966 &#8211; Galeria Simeza &#8211; Bucure\u015fti<\/p>\n<p>\u2022 1966 &#8211; Sala de expozi\u0163ii Oradea<\/p>\n<p>\u2022 1966 &#8211; Sala Muzeului Regional Suceava<\/p>\n<p>\u2022 1962 &#8211; Galeria \u201eNiculae Cristea\u201d de la ziarul Universul, Bucure\u015fti<\/p>\n<p>\u2022 1959 &#8211; Galeria \u201eNiculae Cristea\u201d de la ziarul Universul, Bucure\u015fti<\/p>\n<p>\u2022 1956 &#8211; Galeria \u201eNiculae Cristea\u201d de la ziarul Universul, Bucure\u015fti<\/p>\n<p><strong \/><\/p>\n<p><strong>LUCR\u0102RI DE ART\u0102 MONUMENTAL\u0102\u00a0<\/strong><\/p>\n<p><em>Fresc\u0103\u00a0<\/em><\/p>\n<p>\u2022 fresca din interiorul bisericii greco-catolice Acvila, din Bucure\u015fti (1941-1942), sub \u00eendrumarea maestrului Traian Bil\u0163iu D\u0103ncu\u015f;<\/p>\n<p>\u2022 2 panouri la \u00centreprinderea Fruct-export din Bucure\u015fti;<\/p>\n<p>\u2022 la crama \u00centreprinderii de vinificare Murfatlar (colaborare la proiect \u015fi la transpunere).<\/p>\n<p><em>Pictur\u0103 bisericeasc\u0103\u00a0<\/em><\/p>\n<p>\u2022 1952-1953, pictur\u0103 pentru bisericile din Podoleni, Costi\u015fa de Sus, Costi\u015fa de Jos din jud. Neam\u0163 (\u00een colaborare);<\/p>\n<p>\u2022 1962 pictur\u0103 la biseric\u0103 \u015fi pictur\u0103 iconostas din: com. Poenile de Jos, jud. Ilfov;<\/p>\n<p>\u2022 1968-1969, biserica din com. Ardusat, jud. Maramure\u015f (\u00een colaborare).<\/p>\n<p><em>Tehnic\u0103 mozaic-ceramic\u0103\u00a0<\/em><\/p>\n<p>\u2022 4 panouri \u00een mozaic la hotelul Tomis din Mamaia (60 mp) \u00een colaborare;<\/p>\n<p>\u2022 transpunerea mozaicului de pe fa\u0163ada fabricii de mobil\u0103 din Drobeta-Turnu Severin (200 mp) &#8211; \u00een colaborare;<\/p>\n<p>\u2022 mozaic demontabil (90 mp) reprezent\u00e2nd Delta Dun\u0103rii, la unul din T\u00e2rgurile Interna\u0163ionale Bucure\u015fti;<\/p>\n<p>\u2022 mozaic ceramic (18 mp) la hotelul Partidului din Bra\u015fov (proiect \u015fi realizare)<\/p>\n<p>\u2022 mozaic (42 mp) \u201eArca\u015fii lui Stefan Cel Mare\u201d pe fa\u0163ada c\u0103minului Cultural din Putna (proiect propriu \u015fi realizare)<\/p>\n<p>\u2022 mozaic pe fa\u0163ada C\u0103minului cultural din com. Le\u015f, jud. Bihor (proiect propriu; realizare \u00een colaborare)<\/p>\n<p><em>Restaur\u0103ri \u00een colaborare\u00a0<\/em><\/p>\n<p>\u2022 Casa memorial\u0103 Dr. Gh. Marinescu<\/p>\n<p>\u2022 Decora\u0163ii de la Casa oamenilor de \u015etiin\u0163\u0103 &#8211; Bucure\u015fti<\/p>\n<p>\u2022 Fresca de la \u00centreprinderea Ma\u015fini Import-Export Bucure\u015fti<\/p>\n<p>\u2022 Frescele, tavanul teatrului Gheorghe Pastia din Foc\u015fani \u015fi tavanul foierului.<\/p>\n<p><strong>C\u0102R\u0162I \u015eI ALBUME\u00a0<\/strong><\/p>\n<p>\u2022 25 de pictori contemporani<\/p>\n<p>\u2022 Via\u0163\u0103 \u015fi transfigurare (50 de pictori \u015fi sculptori)<\/p>\n<p>\u2022 50 de pictori \u00een 50 de ani (1921 &#8211; 1971)<\/p>\n<p>\u2022 Peisajul patriei<\/p>\n<p>\u2022 Omagiu \u0163\u0103r\u0103nimii<\/p>\n<p>\u2022 Pictura rom\u00e2neasc\u0103 \u00een imagini<\/p>\n<p>\u2022 Pictura Rom\u00e2neasc\u0103, ed. II<\/p>\n<p>\u2022 Dic\u0163ionarul Artelor plastice, autor criticul Octavian Barbosa<\/p>\n<p>\u2022 Antologia de poezie popular\u0103 \u201eNunta la rom\u00e2ni\u201d, selec\u0163ie de I. Moan\u0163\u0103, Editura Meridiane<\/p>\n<p>\u2022 \u201eStejerel voinicel\u201d &#8211; carte pentru copii<\/p>\n","protected":false},"excerpt":{"rendered":"<p>Muzeul Na\u0163ional al Satului &#8222;Dimitrie Gusti&#8221; organizeaz\u0103 \u00een perioada 5-30 iunie 2009 expozi\u0163ia &#8222;Esen\u0163e&#8221; a pictorului Constantin Dip\u015fe. Constantin Dip\u015fe artist &#8211; pictor 92 ani (n\u0103scut \u00een satul \u015eurde\u015fti, jud. Maramure\u015f, la 4 octombrie 1917) Ordinul \u201eMeritul Cultural Cl. V\u201d | Medalia \u201eMeritul Cultural Cl. I\u201d\u00a0 Forma\u0163ia ca artist &#8211; pictor\u00a0 \u2022 1948 &#8211; doctorat [&hellip;]<\/p>\n","protected":false},"author":1,"featured_media":0,"comment_status":"open","ping_status":"open","sticky":false,"template":"","format":"standard","meta":{"footnotes":""},"categories":[1],"tags":[],"_links":{"self":[{"href":"https:\/\/dipse.ro\/ionut\/wp-json\/wp\/v2\/posts\/269"}],"collection":[{"href":"https:\/\/dipse.ro\/ionut\/wp-json\/wp\/v2\/posts"}],"about":[{"href":"https:\/\/dipse.ro\/ionut\/wp-json\/wp\/v2\/types\/post"}],"author":[{"embeddable":true,"href":"https:\/\/dipse.ro\/ionut\/wp-json\/wp\/v2\/users\/1"}],"replies":[{"embeddable":true,"href":"https:\/\/dipse.ro\/ionut\/wp-json\/wp\/v2\/comments?post=269"}],"version-history":[{"count":0,"href":"https:\/\/dipse.ro\/ionut\/wp-json\/wp\/v2\/posts\/269\/revisions"}],"wp:attachment":[{"href":"https:\/\/dipse.ro\/ionut\/wp-json\/wp\/v2\/media?parent=269"}],"wp:term":[{"taxonomy":"category","embeddable":true,"href":"https:\/\/dipse.ro\/ionut\/wp-json\/wp\/v2\/categories?post=269"},{"taxonomy":"post_tag","embeddable":true,"href":"https:\/\/dipse.ro\/ionut\/wp-json\/wp\/v2\/tags?post=269"}],"curies":[{"name":"wp","href":"https:\/\/api.w.org\/{rel}","templated":true}]}}