{"id":272,"date":"2009-09-22T17:46:20","date_gmt":"2009-09-22T15:46:20","guid":{"rendered":"http:\/\/www.dipse.ro\/ionut\/?p=272"},"modified":"2009-09-22T17:50:13","modified_gmt":"2009-09-22T15:50:13","slug":"vizitacii-de-vulcani","status":"publish","type":"post","link":"https:\/\/dipse.ro\/ionut\/vizitacii-de-vulcani\/","title":{"rendered":"Vizitacii de vulcani"},"content":{"rendered":"<p>A\u015fa cum se \u00eent\u00e2mpl\u0103 dup\u0103 o mare perioad\u0103 de abstinen\u0163\u0103 de la fotografiat, \u0163i se scoal\u0103 noaptea de plecare pe coclauri, \u00een cautarea satisfac\u0163iei (foto). Ac\u0163iune la care am achiesat, \u015fi duminic\u0103, la 5 diminea\u0163a, am plecat cu prietenul Adi (motorizat corespunz\u0103tor) spre Vulcanii Noroio\u015fi. Bine\u00een\u0163eles c\u0103 r\u0103s\u0103ritul ne-a prins pe drum \u015fi c\u00e2nd am ajuns \u00een Berca am decis c\u0103 nu mai are rost s\u0103 ne gr\u0103bim.<\/p>\n<p>Deoarece vlaga \u015fi sporul la fotografiat scad odat\u0103 cu ridicarea soarelui pe cer \u015fi cu cre\u015fterea num\u0103rului de vizitatori &#8211; fapt ce are ca rezultat poze mai pu\u0163in interesante &#8211; voi incepe cu pozele de pe urm\u0103.<\/p>\n<p>Dup\u0103 cum vede\u0163i, avem fauna: <strong>C\u0103\u0163elu&#8217; de vulcan<\/strong>,<strong> Sirena de vulcan<\/strong> \u015fi\u00a0<strong>Alba-neagra de vulcan<\/strong>. \u00cen afara de primul, ai c\u0103rui st\u0103p\u00e2ni \u00eencercau s\u0103-i arate \u015fi s\u0103-i explice bietului animal ce \u015fi cum e cu noroiu&#8217;, vulcanu&#8217; \u015fi <em>nu pune labu\u0163a, L\u0103bu\u015f<\/em>, celelalte dou\u0103 fiin\u0163e erau preocupate de c\u00e2t de bine dau \u00een peisaj. Cred c\u0103 deja \u015fi-au pus pozele pe haifaiv; cine le g\u0103se\u015fte, are o bere de la mine.<\/p>\n<p>At\u00e2t pentru azi. Mai multe, m\u00e2ine.<\/p>\n<p align=\"left\"><img decoding=\"async\" src=\"https:\/\/dipse.ro\/ionut\/foto\/Vulcani\/20092009\/catelu.jpg\" \/><\/p>\n<p><img decoding=\"async\" src=\"https:\/\/dipse.ro\/ionut\/foto\/Vulcani\/20092009\/sirena.jpg\" \/><\/p>\n<p><img decoding=\"async\" src=\"https:\/\/dipse.ro\/ionut\/foto\/Vulcani\/20092009\/floarea.jpg\" \/><\/p>\n","protected":false},"excerpt":{"rendered":"<p>A\u015fa cum se \u00eent\u00e2mpl\u0103 dup\u0103 o mare perioad\u0103 de abstinen\u0163\u0103 de la fotografiat, \u0163i se scoal\u0103 noaptea de plecare pe coclauri, \u00een cautarea satisfac\u0163iei (foto). Ac\u0163iune la care am achiesat, \u015fi duminic\u0103, la 5 diminea\u0163a, am plecat cu prietenul Adi (motorizat corespunz\u0103tor) spre Vulcanii Noroio\u015fi. Bine\u00een\u0163eles c\u0103 r\u0103s\u0103ritul ne-a prins pe drum \u015fi c\u00e2nd am [&hellip;]<\/p>\n","protected":false},"author":1,"featured_media":0,"comment_status":"open","ping_status":"open","sticky":false,"template":"","format":"standard","meta":{"footnotes":""},"categories":[5,1],"tags":[],"_links":{"self":[{"href":"https:\/\/dipse.ro\/ionut\/wp-json\/wp\/v2\/posts\/272"}],"collection":[{"href":"https:\/\/dipse.ro\/ionut\/wp-json\/wp\/v2\/posts"}],"about":[{"href":"https:\/\/dipse.ro\/ionut\/wp-json\/wp\/v2\/types\/post"}],"author":[{"embeddable":true,"href":"https:\/\/dipse.ro\/ionut\/wp-json\/wp\/v2\/users\/1"}],"replies":[{"embeddable":true,"href":"https:\/\/dipse.ro\/ionut\/wp-json\/wp\/v2\/comments?post=272"}],"version-history":[{"count":0,"href":"https:\/\/dipse.ro\/ionut\/wp-json\/wp\/v2\/posts\/272\/revisions"}],"wp:attachment":[{"href":"https:\/\/dipse.ro\/ionut\/wp-json\/wp\/v2\/media?parent=272"}],"wp:term":[{"taxonomy":"category","embeddable":true,"href":"https:\/\/dipse.ro\/ionut\/wp-json\/wp\/v2\/categories?post=272"},{"taxonomy":"post_tag","embeddable":true,"href":"https:\/\/dipse.ro\/ionut\/wp-json\/wp\/v2\/tags?post=272"}],"curies":[{"name":"wp","href":"https:\/\/api.w.org\/{rel}","templated":true}]}}