{"id":161,"date":"2013-02-21T16:11:28","date_gmt":"2013-02-21T16:11:28","guid":{"rendered":"http:\/\/dipse.ro\/maria\/?p=161"},"modified":"2013-02-21T16:11:28","modified_gmt":"2013-02-21T16:11:28","slug":"franturi-de-ganduri-si-amintiri-ii-teodor-bosca-si-poezia-trubadurilor-provensali-italieni-portughezi-a-truverilor-si-a-minnesangerilor","status":"publish","type":"post","link":"https:\/\/dipse.ro\/maria\/franturi-de-ganduri-si-amintiri-ii-teodor-bosca-si-poezia-trubadurilor-provensali-italieni-portughezi-a-truverilor-si-a-minnesangerilor\/","title":{"rendered":"Fr\u00e2nturi de g\u00e2nduri \u015fi amintiri (II) \u2013 TEODOR BO\u015eCA \u015fi \u201ePoezia trubadurilor provensali, italieni, portughezi, a truverilor \u015fi a minnes\u00e4ngerilor\u201d"},"content":{"rendered":"<p><a href=\"http:\/\/dipse.ro\/maria\/wp-content\/uploads\/2013\/02\/Trubaduri-extras-3.jpg\"><img loading=\"lazy\" decoding=\"async\" class=\"aligncenter size-full wp-image-169\" alt=\"Trubaduri extras 3\" src=\"http:\/\/dipse.ro\/maria\/wp-content\/uploads\/2013\/02\/Trubaduri-extras-3.jpg\" width=\"452\" height=\"121\" srcset=\"https:\/\/dipse.ro\/maria\/wp-content\/uploads\/2013\/02\/Trubaduri-extras-3.jpg 452w, https:\/\/dipse.ro\/maria\/wp-content\/uploads\/2013\/02\/Trubaduri-extras-3-300x80.jpg 300w\" sizes=\"auto, (max-width: 452px) 100vw, 452px\" \/><\/a><\/p>\n<p><a href=\"http:\/\/dipse.ro\/maria\/wp-content\/uploads\/2013\/02\/Trubaduri-extras-4w.jpg\"><img loading=\"lazy\" decoding=\"async\" class=\"aligncenter size-full wp-image-170\" alt=\"Trubaduri extras 4w\" src=\"http:\/\/dipse.ro\/maria\/wp-content\/uploads\/2013\/02\/Trubaduri-extras-4w.jpg\" width=\"452\" height=\"246\" srcset=\"https:\/\/dipse.ro\/maria\/wp-content\/uploads\/2013\/02\/Trubaduri-extras-4w.jpg 452w, https:\/\/dipse.ro\/maria\/wp-content\/uploads\/2013\/02\/Trubaduri-extras-4w-300x163.jpg 300w\" sizes=\"auto, (max-width: 452px) 100vw, 452px\" \/><\/a><\/p>\n<p style=\"text-align: center;\" align=\"right\">(extras din introducerea volumului)<\/p>\n<p>Despre acest volum \u015fi despre autorul ei, am vorbit \u00eentr-o \u00eemprejurare care s-a ivit, cu doamna Sorina Bercescu, distinsa Profesoar\u0103 de literatur\u0103 francez\u0103 de la Universitatea din Bucure\u015fti. Aceasta a elogiat traducerea realizat\u0103 \u015fi a fost mai mult dec\u00e2t surprins\u0103 c\u0103 cineva \u2013 aici Teodor Bo\u015fca \u2013 poate st\u0103p\u00e2ni \u015fi m\u00e2nui cu at\u00e2ta dexteritate poetic\u0103 \u015fi mare \u015ftiin\u0163\u0103 limba str\u0103in\u0103, f\u0103r\u0103 s\u0103 fi ie\u015fit vreodat\u0103 din Rom\u00e2nia.<\/p>\n<p>\u00cen multe privin\u0163e, vremurile erau potrivnice unui intelectual de anvergura sa.<\/p>\n<p><a href=\"http:\/\/dipse.ro\/maria\/wp-content\/uploads\/2013\/02\/TRUB-PROVENSALIp1w.jpg\"><img loading=\"lazy\" decoding=\"async\" class=\"aligncenter size-full wp-image-168\" alt=\"TRUB PROVENSALIp1w\" src=\"http:\/\/dipse.ro\/maria\/wp-content\/uploads\/2013\/02\/TRUB-PROVENSALIp1w.jpg\" width=\"452\" height=\"627\" srcset=\"https:\/\/dipse.ro\/maria\/wp-content\/uploads\/2013\/02\/TRUB-PROVENSALIp1w.jpg 452w, https:\/\/dipse.ro\/maria\/wp-content\/uploads\/2013\/02\/TRUB-PROVENSALIp1w-216x300.jpg 216w\" sizes=\"auto, (max-width: 452px) 100vw, 452px\" \/><\/a><\/p>\n<p><a href=\"http:\/\/dipse.ro\/maria\/wp-content\/uploads\/2013\/02\/TRUVERII-p1w.jpg\"><img loading=\"lazy\" decoding=\"async\" class=\"aligncenter size-full wp-image-162\" alt=\"TRUVERII p1w\" src=\"http:\/\/dipse.ro\/maria\/wp-content\/uploads\/2013\/02\/TRUVERII-p1w.jpg\" width=\"452\" height=\"646\" srcset=\"https:\/\/dipse.ro\/maria\/wp-content\/uploads\/2013\/02\/TRUVERII-p1w.jpg 452w, https:\/\/dipse.ro\/maria\/wp-content\/uploads\/2013\/02\/TRUVERII-p1w-209x300.jpg 209w\" sizes=\"auto, (max-width: 452px) 100vw, 452px\" \/><\/a><\/p>\n<p><a href=\"http:\/\/dipse.ro\/maria\/wp-content\/uploads\/2013\/02\/MINNES-p1w.jpg\"><img loading=\"lazy\" decoding=\"async\" class=\"aligncenter size-full wp-image-164\" alt=\"MINNES p1w\" src=\"http:\/\/dipse.ro\/maria\/wp-content\/uploads\/2013\/02\/MINNES-p1w.jpg\" width=\"452\" height=\"645\" srcset=\"https:\/\/dipse.ro\/maria\/wp-content\/uploads\/2013\/02\/MINNES-p1w.jpg 452w, https:\/\/dipse.ro\/maria\/wp-content\/uploads\/2013\/02\/MINNES-p1w-210x300.jpg 210w\" sizes=\"auto, (max-width: 452px) 100vw, 452px\" \/><\/a><\/p>\n<p><a href=\"http:\/\/dipse.ro\/maria\/wp-content\/uploads\/2013\/02\/TRUB-ITALIENI-p-1w.jpg\"><img loading=\"lazy\" decoding=\"async\" class=\"aligncenter size-full wp-image-167\" alt=\"TRUB ITALIENI p 1w\" src=\"http:\/\/dipse.ro\/maria\/wp-content\/uploads\/2013\/02\/TRUB-ITALIENI-p-1w.jpg\" width=\"452\" height=\"646\" srcset=\"https:\/\/dipse.ro\/maria\/wp-content\/uploads\/2013\/02\/TRUB-ITALIENI-p-1w.jpg 452w, https:\/\/dipse.ro\/maria\/wp-content\/uploads\/2013\/02\/TRUB-ITALIENI-p-1w-209x300.jpg 209w\" sizes=\"auto, (max-width: 452px) 100vw, 452px\" \/><\/a><\/p>\n<p><a href=\"http:\/\/dipse.ro\/maria\/wp-content\/uploads\/2013\/02\/TRUBPORTUGHEZIp1w.jpg\"><img loading=\"lazy\" decoding=\"async\" class=\"aligncenter size-full wp-image-171\" alt=\"TRUBPORTUGHEZIp1w\" src=\"http:\/\/dipse.ro\/maria\/wp-content\/uploads\/2013\/02\/TRUBPORTUGHEZIp1w.jpg\" width=\"452\" height=\"639\" srcset=\"https:\/\/dipse.ro\/maria\/wp-content\/uploads\/2013\/02\/TRUBPORTUGHEZIp1w.jpg 452w, https:\/\/dipse.ro\/maria\/wp-content\/uploads\/2013\/02\/TRUBPORTUGHEZIp1w-212x300.jpg 212w\" sizes=\"auto, (max-width: 452px) 100vw, 452px\" \/><\/a><\/p>\n<p>\u015ei totu\u015fi, cartea a ap\u0103rut \u00een condi\u0163ii grafice excelente, datorit\u0103 \u201eprieteniei\u201d unui grup de truditori talenta\u0163i de la editur\u0103. Teodor Bo\u015fca vorbea cu mult\u0103 recuno\u015ftin\u0163\u0103 despre ei. Iar \u00een acest context, eu l-am auzit vorbind cel mai adesea despre prietenul s\u0103u, talentatul grafician Emil Chendea prin a c\u0103rui contribu\u0163ie stilistic\u0103 la cele 2 volume (\u201eSonetele\u201d \u015fi \u201eTrubadurii\u201d) \u00a0cartea \u2013 ea \u00eens\u0103\u015fi \u2013 a devenit un \u201eobiect de art\u0103\u201d.<\/p>\n<p><a href=\"http:\/\/dipse.ro\/maria\/wp-content\/uploads\/2013\/02\/pagmultp1.jpg\"><img loading=\"lazy\" decoding=\"async\" class=\"aligncenter size-full wp-image-165\" alt=\"pagmultp1\" src=\"http:\/\/dipse.ro\/maria\/wp-content\/uploads\/2013\/02\/pagmultp1.jpg\" width=\"452\" height=\"643\" srcset=\"https:\/\/dipse.ro\/maria\/wp-content\/uploads\/2013\/02\/pagmultp1.jpg 452w, https:\/\/dipse.ro\/maria\/wp-content\/uploads\/2013\/02\/pagmultp1-210x300.jpg 210w\" sizes=\"auto, (max-width: 452px) 100vw, 452px\" \/><\/a><\/p>\n<p><a href=\"http:\/\/dipse.ro\/maria\/wp-content\/uploads\/2013\/02\/pagmultp2.jpg\"><img loading=\"lazy\" decoding=\"async\" class=\"aligncenter size-full wp-image-166\" alt=\"pagmultp2\" src=\"http:\/\/dipse.ro\/maria\/wp-content\/uploads\/2013\/02\/pagmultp2.jpg\" width=\"452\" height=\"709\" srcset=\"https:\/\/dipse.ro\/maria\/wp-content\/uploads\/2013\/02\/pagmultp2.jpg 452w, https:\/\/dipse.ro\/maria\/wp-content\/uploads\/2013\/02\/pagmultp2-191x300.jpg 191w\" sizes=\"auto, (max-width: 452px) 100vw, 452px\" \/><\/a><\/p>\n<p>&nbsp;<\/p>\n<p>&nbsp;<\/p>\n","protected":false},"excerpt":{"rendered":"<p>(extras din introducerea volumului) Despre acest volum \u015fi despre autorul ei, am vorbit \u00eentr-o \u00eemprejurare care s-a ivit, cu doamna Sorina Bercescu, distinsa Profesoar\u0103 de literatur\u0103 francez\u0103 de la Universitatea din Bucure\u015fti. Aceasta a elogiat traducerea realizat\u0103 \u015fi a fost mai mult dec\u00e2t surprins\u0103 c\u0103 cineva \u2013 aici Teodor Bo\u015fca \u2013 poate st\u0103p\u00e2ni \u015fi m\u00e2nui [&hellip;]<\/p>\n","protected":false},"author":1,"featured_media":0,"comment_status":"open","ping_status":"open","sticky":false,"template":"","format":"standard","meta":{"footnotes":""},"categories":[25],"tags":[14,41,42,39,40,38,37],"class_list":["post-161","post","type-post","status-publish","format-standard","hentry","category-25","tag-bosca","tag-emil-chendea","tag-minnesanger","tag-provensali","tag-teodor-bosca","tag-trubaduri","tag-truveri"],"_links":{"self":[{"href":"https:\/\/dipse.ro\/maria\/wp-json\/wp\/v2\/posts\/161","targetHints":{"allow":["GET"]}}],"collection":[{"href":"https:\/\/dipse.ro\/maria\/wp-json\/wp\/v2\/posts"}],"about":[{"href":"https:\/\/dipse.ro\/maria\/wp-json\/wp\/v2\/types\/post"}],"author":[{"embeddable":true,"href":"https:\/\/dipse.ro\/maria\/wp-json\/wp\/v2\/users\/1"}],"replies":[{"embeddable":true,"href":"https:\/\/dipse.ro\/maria\/wp-json\/wp\/v2\/comments?post=161"}],"version-history":[{"count":0,"href":"https:\/\/dipse.ro\/maria\/wp-json\/wp\/v2\/posts\/161\/revisions"}],"wp:attachment":[{"href":"https:\/\/dipse.ro\/maria\/wp-json\/wp\/v2\/media?parent=161"}],"wp:term":[{"taxonomy":"category","embeddable":true,"href":"https:\/\/dipse.ro\/maria\/wp-json\/wp\/v2\/categories?post=161"},{"taxonomy":"post_tag","embeddable":true,"href":"https:\/\/dipse.ro\/maria\/wp-json\/wp\/v2\/tags?post=161"}],"curies":[{"name":"wp","href":"https:\/\/api.w.org\/{rel}","templated":true}]}}