{"id":318,"date":"2014-06-08T05:37:32","date_gmt":"2014-06-08T03:37:32","guid":{"rendered":"http:\/\/dipse.ro\/maria\/?p=318"},"modified":"2014-06-08T05:38:40","modified_gmt":"2014-06-08T03:38:40","slug":"emil-marcu-7-iunie-1910-20-februarie-1989-spicuiri-din-viata","status":"publish","type":"post","link":"https:\/\/dipse.ro\/maria\/emil-marcu-7-iunie-1910-20-februarie-1989-spicuiri-din-viata\/","title":{"rendered":"Emil Marcu (7 iunie 1910 &#8211; 20 februarie 1989) &#8211; Spicuiri din via\u0163\u0103"},"content":{"rendered":"<p>Azi ar fi \u00eemplinit <strong>104 ani<\/strong>.<\/p>\n<p>Era un Tat\u0103 luminat. Noi, to\u0163i cei 4 copii \u2013 <em>Nu\u015fi, Emil, Nicu\u015for \u015fi Mia \u2013 <\/em>\u00eei spuneam \u201e<strong>Ticu<\/strong>\u201d. Pentru cei 10 nepo\u0163i \u2013 <em>Tita, Dorel, Emil, Carmen, Dan, Ioana, Alina, Ileana, Nicu\u015for \u015fi Ionu\u0163<\/em> \u2013 \u015fi pentru str\u0103nepo\u0163ii pe care i-a cunoscut, era bunicul \u201e<strong>Bubu<\/strong>\u201d, nelipsit de l\u00e2ng\u0103 Mama-Mare.<\/p>\n<p><a href=\"http:\/\/dipse.ro\/maria\/wp-content\/uploads\/2014\/06\/Marcu-emil-Ticu-soldat-tanar-prelw.jpg\"><img loading=\"lazy\" decoding=\"async\" class=\"aligncenter size-full wp-image-319\" src=\"http:\/\/dipse.ro\/maria\/wp-content\/uploads\/2014\/06\/Marcu-emil-Ticu-soldat-tanar-prelw.jpg\" alt=\"Marcu emil Ticu soldat tanar prelw\" width=\"450\" height=\"575\" srcset=\"https:\/\/dipse.ro\/maria\/wp-content\/uploads\/2014\/06\/Marcu-emil-Ticu-soldat-tanar-prelw.jpg 450w, https:\/\/dipse.ro\/maria\/wp-content\/uploads\/2014\/06\/Marcu-emil-Ticu-soldat-tanar-prelw-234x300.jpg 234w\" sizes=\"auto, (max-width: 450px) 100vw, 450px\" \/><\/a><\/p>\n<p>&nbsp;<\/p>\n<p>Emil Marcu avea nu numai pl\u0103cere s\u0103 fac\u0103 bine dar \u015fi chemare\u00a0s\u0103 salveze, de aceea a ales s\u0103 fie <strong>pompier voluntar<\/strong>. Av\u00e2nd preg\u0103tire \u00een aceast\u0103 direc\u0163ie \u00eenc\u0103 din armat\u0103, a fost numit <strong>\u015fef al forma\u0163iei de pompieri din Ocna-Mure\u015f, <\/strong>servind zeci de ani aceast\u0103 echip\u0103.<\/p>\n<p><strong>Spirit inventiv<\/strong>, tat\u0103l meu a g\u0103sit o solu\u0163ie tehnic\u0103 pentru \u00eembinarea cu u\u015furin\u0163\u0103 a segmentelor sc\u0103rii mobile de incendiu, solu\u0163ie publicat\u0103 \u00een revista central\u0103 de specialitate.<\/p>\n<p>\u00cen sarcinile lui intra \u015fi instruirea pentru <strong>prevenirea incendiilor<\/strong>. Cursan\u0163ii erau intelectuali, conduc\u0103tori de \u00eentreprinderi \u015fi institu\u0163ii. Cititorul trebuie s\u0103 \u015ftie c\u0103 Ocna Mure\u015f era un ora\u015f cu un standard economic recunoscut, din moment ce aici func\u0163ionau Uzinele de Produse Sodice, Salina, Fabrica de tutun, toate acestea \u00eencununate de caracteristicile unei sta\u0163iuni balneare renumite. Chiar \u015fi medicii din spitalele ora\u015fului participau la aceste instruiri. Doamna Doctor Popa mi-a relatat mai t\u00e2rziu c\u0103 aceste instructaje nu erau ni\u015fte cursuri teoretice, ci ni\u015fte \u00eent\u00e2lniri interactive, \u00een\u0163esate cu pove\u015fti adev\u0103rate \u00eencheiate cu \u00eenv\u0103\u0163\u0103minte, de la care cursan\u0163ii plecau cu \u201elec\u0163ia despre prevenirea incendiilor \u2013 \u00eenv\u0103\u0163at\u0103\u201d. I-au remarcat tactul pedagogic pres\u0103rat cu umor \u015fi bun\u0103 dispozi\u0163ie. Pentru toate acestea era mult stimat \u015fi respectat.<\/p>\n<p>\u00cempreun\u0103 cu echipa de pompieri, a avut nenum\u0103rate interven\u0163ii la incendii.<\/p>\n<p>Dar <em>proba vie\u0163ii<\/em> a dat-o la 60 de ani \u00een \u00eemprejurarea inunda\u0163iilor din 1970, c\u00e2nd Mure\u015ful \u201emu\u015fca\u201d\u00a0din ora\u015f. A organizat, a \u00eemb\u0103rb\u0103tat echipa, a luat maximum de m\u0103suri de pruden\u0163\u0103 \u00een ac\u0163iuni dar a p\u0103\u015fit primul \u00een toate situa\u0163iile cele mai grele \u015fi mai periculoase ca s\u0103 salveze oameni \u015fi bunuri.<\/p>\n<p>Oric\u00e2t\u0103 maturitate \u015fi ra\u0163ionalitate puneam noi, familia, \u00een ceea ce se numesc \u201epreziceri\u201d, eram acum \u00eencremeni\u0163i de spaima vreunui accident pentru c\u0103 ne era acut prezent\u0103 \u00een minte relatarea c\u0103 \u00een tinere\u0163ea lui, o \u201eghicitoare\u201d \u00eei \u201ev\u0103zuse\u201d viitorul, doar p\u00e2n\u0103 la ceast\u0103 v\u00e2rst\u0103 c\u00e2nd \u2013 spunea ea \u2013 Emil Marcu avea de dat <em>proba vie\u0163ii<\/em>; iar dac\u0103 o dep\u0103\u015fe\u015fte, evenimentele grele se vor estompa.<\/p>\n<p>Cu \u00eencredre \u00een sine dar mai ales cu credin\u0163\u0103 \u00een Dumnezeu, a trecut cu bine acest obstacol.<\/p>\n<p><strong><em>\u201eBun\u0103 ziua, Domnu\u2019 Marcu!<\/em><\/strong>\u201d<\/p>\n<p>La acest salut, la prima vedere simplu, Emil Marcu r\u0103spundea cu z\u00e2mbet \u015fi bun\u0103tate, pentru c\u0103 \u00eel resim\u0163ea deosebit de onorant. \u00a0Iar el r\u0103spundea: \u201e<strong><em>Bun\u0103 s\u0103 v\u0103 fie inima!\u201d<\/em><\/strong><\/p>\n","protected":false},"excerpt":{"rendered":"<p>Azi ar fi \u00eemplinit 104 ani. Era un Tat\u0103 luminat. Noi, to\u0163i cei 4 copii \u2013 Nu\u015fi, Emil, Nicu\u015for \u015fi Mia \u2013 \u00eei spuneam \u201eTicu\u201d. Pentru cei 10 nepo\u0163i \u2013 Tita, Dorel, Emil, Carmen, Dan, Ioana, Alina, Ileana, Nicu\u015for \u015fi Ionu\u0163 \u2013 \u015fi pentru str\u0103nepo\u0163ii pe care i-a cunoscut, era bunicul \u201eBubu\u201d, nelipsit de l\u00e2ng\u0103 [&hellip;]<\/p>\n","protected":false},"author":1,"featured_media":0,"comment_status":"open","ping_status":"open","sticky":false,"template":"","format":"standard","meta":{"footnotes":""},"categories":[104,125,99],"tags":[157,158,33,159],"class_list":["post-318","post","type-post","status-publish","format-standard","hentry","category-104","category-amintiri","category-povesti-biografice","tag-em","tag-il-marcu","tag-ocna-mures","tag-pompier"],"_links":{"self":[{"href":"https:\/\/dipse.ro\/maria\/wp-json\/wp\/v2\/posts\/318","targetHints":{"allow":["GET"]}}],"collection":[{"href":"https:\/\/dipse.ro\/maria\/wp-json\/wp\/v2\/posts"}],"about":[{"href":"https:\/\/dipse.ro\/maria\/wp-json\/wp\/v2\/types\/post"}],"author":[{"embeddable":true,"href":"https:\/\/dipse.ro\/maria\/wp-json\/wp\/v2\/users\/1"}],"replies":[{"embeddable":true,"href":"https:\/\/dipse.ro\/maria\/wp-json\/wp\/v2\/comments?post=318"}],"version-history":[{"count":0,"href":"https:\/\/dipse.ro\/maria\/wp-json\/wp\/v2\/posts\/318\/revisions"}],"wp:attachment":[{"href":"https:\/\/dipse.ro\/maria\/wp-json\/wp\/v2\/media?parent=318"}],"wp:term":[{"taxonomy":"category","embeddable":true,"href":"https:\/\/dipse.ro\/maria\/wp-json\/wp\/v2\/categories?post=318"},{"taxonomy":"post_tag","embeddable":true,"href":"https:\/\/dipse.ro\/maria\/wp-json\/wp\/v2\/tags?post=318"}],"curies":[{"name":"wp","href":"https:\/\/api.w.org\/{rel}","templated":true}]}}