{"id":327,"date":"2014-07-02T21:33:34","date_gmt":"2014-07-02T19:33:34","guid":{"rendered":"http:\/\/dipse.ro\/maria\/?p=327"},"modified":"2014-07-02T21:33:34","modified_gmt":"2014-07-02T19:33:34","slug":"mama-mea-ana-marcu","status":"publish","type":"post","link":"https:\/\/dipse.ro\/maria\/mama-mea-ana-marcu\/","title":{"rendered":"Mama mea, Ana Marcu"},"content":{"rendered":"<p><strong>(2 iulie 1916 \u2013 21 noiembrie 1994)<\/strong><\/p>\n<p>Ast\u0103zi, 2 iulie 2014, Mama mea din Ocna Mure\u015f, ar fi \u00eemplinit 98 de ani.<\/p>\n<p><a href=\"http:\/\/dipse.ro\/maria\/wp-content\/uploads\/2014\/07\/Foto-eu-+-Mama-in-gradina-W.jpg\"><img loading=\"lazy\" decoding=\"async\" class=\"aligncenter size-full wp-image-328\" src=\"http:\/\/dipse.ro\/maria\/wp-content\/uploads\/2014\/07\/Foto-eu-+-Mama-in-gradina-W.jpg\" alt=\"Foto eu + Mama in gradina W\" width=\"450\" height=\"567\" srcset=\"https:\/\/dipse.ro\/maria\/wp-content\/uploads\/2014\/07\/Foto-eu-+-Mama-in-gradina-W.jpg 450w, https:\/\/dipse.ro\/maria\/wp-content\/uploads\/2014\/07\/Foto-eu-+-Mama-in-gradina-W-238x300.jpg 238w\" sizes=\"auto, (max-width: 450px) 100vw, 450px\" \/><\/a><\/p>\n<p><strong>De 20 de ani \u00eei duc dorul \u015fi continui s\u0103 o \u00eembr\u0103\u0163i\u015fez cu ochii sufletului \u015fi ai amintirii. <\/strong>La fiecare \u00eentoarcere \u00een ora\u015ful natal, m\u0103 \u00eenchin la morm\u00e2ntul p\u0103rin\u0163ilor mei unde le povestesc despre c\u00e2te am reu\u015fit s\u0103 fac dup\u0103 plecarea lor, dar \u015fi unde le cer ajutorul pentru cele ce n-am reu\u015fit \u00eenc\u0103 s\u0103 fac.<\/p>\n<p>Mama mea s-a n\u0103scut \u00een satul M\u0103d\u0103ra\u015f, (Ciuc) fiind mezina unei familii \u00eenst\u0103rite cu 5 copii. Avea 8 ani c\u00e2nd ambii p\u0103rin\u0163i \u2013 la interval mic de timp \u2013 au murit. Orfan\u0103, luat\u0103 de rude, a pl\u00e2ns \u015fi a oftat mult dup\u0103 p\u0103rin\u0163ii ei.<\/p>\n<p>La v\u00e2rsta de 20 de ani s-a c\u0103s\u0103torit cu Emil Marcu, au \u00eentemeiat o familie cu 4 copii, dominantele fiind vorbele frumoase, iubirea, adev\u0103rul, munca \u2013 toate subsumate credin\u0163ei \u015fi rug\u0103ciunii.<\/p>\n<p>P\u0103rin\u0163ii no\u015ftri au fost foarte harnici \u015fi preocupa\u0163i s\u0103 ne antreneze \u00een treburile de acas\u0103, dup\u0103 orele de \u015fcoal\u0103, lec\u0163iile de vioar\u0103 ori de francez\u0103.<\/p>\n<p>Mama ne supraveghea \u00eendeaproape \u015fi \u00ab\u00a0\u00eendrepta\u00a0\u00bb f\u0103r\u0103 \u00eent\u00e2rziere abaterile noastre de la drumul drept. \u00ce\u015fi dorea s\u0103 fim Oameni \u00eentre Oameni.<\/p>\n<p>\u00cen ora\u015ful Ocna Mure\u015f, eram o familie respectat\u0103, se spunea &#8211; <em>cu copii frumo\u015fi, de\u015ftep\u0163i \u015fi bine educa\u0163i<\/em>.<\/p>\n<p>Cum eram o familie prosper\u0103 de religie greco-catolic\u0103, am devenit \u2013 pentru regimul comunist \u2013 o \u0163int\u0103 ce trebuia nu numai dobor\u00e2t\u0103, ci \u015fi smuls\u0103 din r\u0103d\u0103cini. Folosindu-se de oameni \u00ab\u00a0f\u0103r\u0103 nici un Dumnezeu\u00a0\u00bb, pe post de martori mincino\u015fi, p\u0103rin\u0163ilor mei li s-a \u00eenscenat un proces, <strong>\u00eenainte<\/strong> de care \u015fi <strong>dup\u0103<\/strong> care, Mama, Tata \u015fi fratele mai mare Emil \u2013 au fost aresta\u0163i \u015fi condamna\u0163i la \u00eenchisoare. Era un succes pentru regimul din Rom\u00e2nia, \u00een spiritul directivelor lui Stalin care pl\u0103nuise distrugerea na\u0163iei rom\u00e2ne prin suprimarea familiilor bine \u00eenchegate de rit greco-catolic. Pe noi, ne-au \u00ab\u00a0bifat\u00a0\u00bb pe lista lor.<\/p>\n<p>Sufletul Mamei noastre era sufocat de lacrimile de dor \u015fi grij\u0103 pentru familia ei: 2 copii \u2013 elevi, r\u0103ma\u015fi acas\u0103 f\u0103r\u0103 nici un venit, \u00eentr-o cas\u0103 golit\u0103 prin sechestru de cele agonisite, fiica cea mai mare \u015fi so\u0163ul ei da\u0163i afar\u0103 din servici, cel\u0103lat fiu \u015fi so\u0163ul, \u00eenchi\u015fi \u015fi ei.<\/p>\n<p>Dup\u0103 acest episod \u2013 cumplit de dureros \u2013 familia a reu\u015fit totu\u015fi s\u0103 \u00ab\u00a0renasc\u0103\u00a0\u00bb, purt\u00e2nd \u00eens\u0103 multe cicatrici.<\/p>\n<p>Mama ne-a iubit pe to\u0163i cei 4 copii, cu aceea\u015fi intensitate, suferea pentru fiecare, se ruga pentru fiecare dintre noi. Ne-a \u00eenv\u0103\u0163at curajul \u015fi perseveren\u0163a. Ne-a \u00eenv\u0103\u0163at pruden\u0163a \u015fi m\u0103sura. Ne-a ar\u0103tat drumul drept \u015fi puterea adev\u0103rului. Mama mea avea numai calit\u0103\u0163i.<\/p>\n<p>Pentru mine, este \u00een firea lucrurilor s\u0103 o definesc pe MAM\u0102 ca fiind acea fiin\u0163\u0103 alc\u0103tuit\u0103 numai din calit\u0103\u0163i\u00a0; ceea ce \u00eentr-un moment ne-ar putea p\u0103rea la EA defect, odat\u0103 cu maturizarea\u00a0\u00een\u0163elegerii noastre, se dovede\u015fte a fi fost \u2013 o calitate.<\/p>\n<p><a href=\"http:\/\/dipse.ro\/maria\/wp-content\/uploads\/2014\/07\/foto-Mama+-copiii+-nora-+-primii-2-nepoti-W.jpg\"><img loading=\"lazy\" decoding=\"async\" class=\"aligncenter size-full wp-image-329\" src=\"http:\/\/dipse.ro\/maria\/wp-content\/uploads\/2014\/07\/foto-Mama+-copiii+-nora-+-primii-2-nepoti-W.jpg\" alt=\"foto Mama+ copiii+ nora + primii 2 nepoti  W\" width=\"450\" height=\"287\" srcset=\"https:\/\/dipse.ro\/maria\/wp-content\/uploads\/2014\/07\/foto-Mama+-copiii+-nora-+-primii-2-nepoti-W.jpg 450w, https:\/\/dipse.ro\/maria\/wp-content\/uploads\/2014\/07\/foto-Mama+-copiii+-nora-+-primii-2-nepoti-W-300x191.jpg 300w\" sizes=\"auto, (max-width: 450px) 100vw, 450px\" \/><\/a><\/p>\n","protected":false},"excerpt":{"rendered":"<p>(2 iulie 1916 \u2013 21 noiembrie 1994) Ast\u0103zi, 2 iulie 2014, Mama mea din Ocna Mure\u015f, ar fi \u00eemplinit 98 de ani. De 20 de ani \u00eei duc dorul \u015fi continui s\u0103 o \u00eembr\u0103\u0163i\u015fez cu ochii sufletului \u015fi ai amintirii. La fiecare \u00eentoarcere \u00een ora\u015ful natal, m\u0103 \u00eenchin la morm\u00e2ntul p\u0103rin\u0163ilor mei unde le povestesc [&hellip;]<\/p>\n","protected":false},"author":1,"featured_media":0,"comment_status":"open","ping_status":"open","sticky":false,"template":"","format":"standard","meta":{"footnotes":""},"categories":[104,125,1,99],"tags":[],"class_list":["post-327","post","type-post","status-publish","format-standard","hentry","category-104","category-amintiri","category-fara-categorie","category-povesti-biografice"],"_links":{"self":[{"href":"https:\/\/dipse.ro\/maria\/wp-json\/wp\/v2\/posts\/327","targetHints":{"allow":["GET"]}}],"collection":[{"href":"https:\/\/dipse.ro\/maria\/wp-json\/wp\/v2\/posts"}],"about":[{"href":"https:\/\/dipse.ro\/maria\/wp-json\/wp\/v2\/types\/post"}],"author":[{"embeddable":true,"href":"https:\/\/dipse.ro\/maria\/wp-json\/wp\/v2\/users\/1"}],"replies":[{"embeddable":true,"href":"https:\/\/dipse.ro\/maria\/wp-json\/wp\/v2\/comments?post=327"}],"version-history":[{"count":0,"href":"https:\/\/dipse.ro\/maria\/wp-json\/wp\/v2\/posts\/327\/revisions"}],"wp:attachment":[{"href":"https:\/\/dipse.ro\/maria\/wp-json\/wp\/v2\/media?parent=327"}],"wp:term":[{"taxonomy":"category","embeddable":true,"href":"https:\/\/dipse.ro\/maria\/wp-json\/wp\/v2\/categories?post=327"},{"taxonomy":"post_tag","embeddable":true,"href":"https:\/\/dipse.ro\/maria\/wp-json\/wp\/v2\/tags?post=327"}],"curies":[{"name":"wp","href":"https:\/\/api.w.org\/{rel}","templated":true}]}}