{"id":334,"date":"2014-07-03T21:45:30","date_gmt":"2014-07-03T19:45:30","guid":{"rendered":"http:\/\/dipse.ro\/maria\/?p=334"},"modified":"2014-07-03T21:45:30","modified_gmt":"2014-07-03T19:45:30","slug":"fratelui-meu-nicusor","status":"publish","type":"post","link":"https:\/\/dipse.ro\/maria\/fratelui-meu-nicusor\/","title":{"rendered":"Fratelui meu, Nicu\u015for"},"content":{"rendered":"<p><strong>De ziua lui, o schi\u0163\u0103 de portret,<\/strong><\/p>\n<p><a href=\"http:\/\/dipse.ro\/maria\/wp-content\/uploads\/2014\/07\/IMG_4971w.jpg\"><img loading=\"lazy\" decoding=\"async\" class=\"aligncenter size-full wp-image-336\" src=\"http:\/\/dipse.ro\/maria\/wp-content\/uploads\/2014\/07\/IMG_4971w.jpg\" alt=\"IMG_4971w\" width=\"450\" height=\"599\" srcset=\"https:\/\/dipse.ro\/maria\/wp-content\/uploads\/2014\/07\/IMG_4971w.jpg 450w, https:\/\/dipse.ro\/maria\/wp-content\/uploads\/2014\/07\/IMG_4971w-225x300.jpg 225w\" sizes=\"auto, (max-width: 450px) 100vw, 450px\" \/><\/a><\/p>\n<p>Numele lui este Marcu Nicolae \u015fi s-a n\u0103scut \u00een 3 iulie 1941, la Ocna Mure\u015f. Cunoscu\u0163ii \u00eei spun Nicu Marcu, iar familia \u015fi apropia\u0163ii \u00eel cheam\u0103 \u2013 Nicu\u015for.<\/p>\n<p>Diminutivul, cred eu, i se potrive\u015fte cel mai bine, pentru c\u0103 sonoritatea sugereaz\u0103 bun\u0103tate, acea tr\u0103s\u0103tur\u0103 care presupune absen\u0163a interesului material din ac\u0163iunile lui. \u00ab\u00a0<em>Nicule, f\u0103-mi<\/em> <em>asta,<\/em> <em>Nicule f\u0103-mi aia<\/em>\u00a0\u00bb,\u00a0 acoper\u0103 o gam\u0103 larg\u0103 de cereri ale prietenilor, vecinilor, cunoscu\u0163ilor, legate de <strong>instala\u0163ii, de mecanic\u0103, de partea electric\u0103 ori de motoare<\/strong>. De cele mai multe ori, rezolv\u0103rile lui sunt ingenioase, n\u0103scociri pline de creativitate care-i uimesc chiar \u015fi pe me\u015fterii profesioni\u015fti. Scule de tot felul \u00eei \u00eenconjoar\u0103 via\u0163a de zi cu zi. O unealt\u0103 veche, el o face nou\u0103. \u00cen ceea ce este vechi, el vede dincolo de aparen\u0163a \u00eemb\u0103tr\u00e2nit\u0103, esen\u0163a vie a obiectului, pe care-l readuce la via\u0163\u0103 iar prin acest mod de existen\u0163\u0103, el face implicit frond\u0103 \u00eempotriva societ\u0103\u0163ii de consum.<\/p>\n<p>Mintea lui fr\u0103m\u00e2nt\u0103 idei ca s\u0103 g\u0103seasc\u0103 solu\u0163ii pentru proiectele lui personale pe care, oric\u00e2t \u00ab\u00a0de demult\u00a0\u00bb ar fi, nu le abandoneaz\u0103. Ceea ce face el, s-ar putea rezuma \u00een\u00a0:\u00a0\u00ab\u00a0proiecte mari cu bani pu\u0163ini \u015fi cu mult\u0103 creativitate\u00a0\u00bb. Am semnalat c\u00e2teva dintre ele, \u00een articolul dedicat Profesoarei lui de Fizic\u0103.<\/p>\n<p><strong>\u00a0<\/strong><strong>Nicu\u015for este omul naturii<\/strong>. Duminica, f\u0103r\u0103 abatere pleac\u0103 \u00een excursie, pleac\u0103 <em>LA P\u0102DURE.<\/em> Pe mul\u0163i din preajma lui i-a contaminat cu aceast\u0103 pl\u0103cere. De altfel, de c\u00e2nd era elev, iubea esecapadele \u00een p\u0103durile din \u00eemprejurimile Uiorii. \u00ce\u015fi hr\u0103nea imagina\u0163ia cu pove\u015ftile spuse de p\u0103rin\u0163i \u015fi \u00ee\u015fi \u00eembog\u0103\u0163ea lista misterelor prin efectul ac\u0163iunilor n\u0103scocite de el, cum ar fi, sticlu\u0163e cu bile\u0163ele \u00eengropate la r\u0103d\u0103cina anumitor copaci. \u00cen excursiile la Cheile Turzii, la Huda lui Papar\u0103 sau \u00een diferite pe\u015fteri, el \u00ab\u00a0vede\u00a0\u00bb mai mult \u015fi mai multe dec\u00e2t mul\u0163i dintre noi, ceilal\u0163i. Aceasta este o alt\u0103 \u00ab\u00a0lume\u00a0\u00bb a lui, este lumea unui vis\u0103tor, a unuia care nu studiaz\u0103 natura, ci se confund\u0103 cu ea. \u00ab\u00a0<em>Duminic\u0103 merg la P\u0103dure\u00a0!<\/em>\u00a0\u00bb sun\u0103 asemenea unui vers dintr-o Rug\u0103ciune; <strong>acolo, <\/strong>eul s\u0103u profund se confund\u0103 cu \u00eens\u0103\u015fi Crea\u0163ia lui Dumnezeu pe care o respect\u0103, o admir\u0103 \u015fi o iube\u015fte.<\/p>\n<p>Dar Nicu Marcu este cunoscut sub porecla <strong>Nicu chitaristul<\/strong>. De el \u00ee\u015fi amintesc \u00een Ocna Mure\u015f chiar \u015fi azi, b\u0103rba\u0163i mai tineri care au deprins de la el, c\u00e2ntatul la chitar\u0103 sau la mandolin\u0103, dar \u015fi doamne \u2013 odinioar\u0103 domni\u015foare \u2013 pe care grupul condus de Nicu Chitaristul, <strong>le-a \u00eenc\u00e2ntat<\/strong>, c\u00e2nt\u00e2ndu-le sub fereastr\u0103, serenade. Acest grup despre care merit\u0103 s\u0103 se vorbeasc\u0103, a adus \u00ab\u00a0o pat\u0103 de culoare pitoresc\u0103\u00a0\u00bb \u00een Ocna Mure\u015f, \u00een vremuri \u00een care Uiorenii (sau ocnamure\u015fenii dup\u0103 zicerea de azi) se cuno\u015fteau aproape ca \u00eentr-o familie \u015fi c\u00e2nd serenadele \u015fi \u00eentrunirile dansante d\u0103deau un parfum aparte vie\u0163ii tinerilor, chiar dac\u0103\u00a0 umerii p\u0103rin\u0163ilor purtau povara grijilor \u015fi a \u00eengrijor\u0103rilor.<\/p>\n<p>Autodidact de la A la Z \u00een ale muzicii, Nicu Marcu a devenit instrumentist de cea mai \u00eenalt\u0103 clas\u0103 a Clujului unde a c\u00e2ntat \u00een orchestre de profesioni\u015fti. Cu auz muzical perfect, cu imagina\u0163ie melodic\u0103 rafinat\u0103, cu o \u00eendem\u00e2nare interpretativ\u0103 supl\u0103 \u015fi m\u0103iestrit\u0103, Nicu Marcu a fost un partener mult stimat \u015fi apreciat \u015fi \u00een orchestra violonistului Alexandru \u0162itru\u015f.<\/p>\n<p>Cititorul acestei schi\u0163e de portret ar putea spune c\u0103 la performan\u0163e muzicale ori tehnico-mecanice, poate ajunge orice absolvent de \u015fcoal\u0103 de muzic\u0103 ori cu forma\u0163ie inginereasc\u0103, iar eu nu-l contrazic. Doar c\u0103 Nicu Marcu a reu\u015fit \u015fi reu\u015fe\u015fte f\u0103r\u0103 s\u0103 fi f\u0103cut \u015fcoli \u00eenalte. \u015ei, dac\u0103 s-a-nt\u00e2mplat a\u015fa, a fost nu pentru c\u0103 nu \u015fi-ar fi dorit sau nu ar fi fost apt, ci pentru c\u0103, tinere\u0163ea lui din ultimii ani de liceu, a preluat toat\u0103 povara interdic\u0163iilor de acces la studii impuse de regimul comunist, care i-a arestat pe ambii p\u0103rin\u0163i \u015fi pe fratele mai mare, \u00eentr-un proces \u00eenscenat cu martori mincino\u015fi. Iar el, Nicu\u015for, elev de liceu, \u015fi-a asumat rolul de \u00ab\u00a0st\u00e2lp al casei\u00a0\u00bb \u00een locul adul\u0163ilor absen\u0163i. \u00cei sunt recunosc\u0103toare c\u0103, datorit\u0103 sacrificiului lui, eu, sora mai mic\u0103, mi-am putut urma studiile, chiar dac\u0103 asta a fost pe un drum lung \u015fi sinuos.<\/p>\n<p>Ne leag\u0103 ata\u015famentul de Casa P\u0103rinteasc\u0103, de Casa copil\u0103riei nostre din Ocna Mure\u015fului\/ Uioara, unde p\u0103rin\u0163i drep\u0163i \u015fi harnici, lumina\u0163i \u015fi \u00een\u0163elep\u0163i, ne-au \u00eenc\u0103rcat cu binecuv\u00e2ntate virtu\u0163i.<\/p>\n<p><em>\u00a0<strong>La mul\u0163i ani, Nicu\u015for, drag\u0103\u00a0!<\/strong>,<\/em> mult admirat \u015fi iubit \u015fi de nepotul t\u0103u, Ionu\u0163 Dip\u015fe.<\/p>\n<p>&nbsp;<\/p>\n<p>&nbsp;<\/p>\n<p>&nbsp;<\/p>\n<p>&nbsp;<\/p>\n","protected":false},"excerpt":{"rendered":"<p>De ziua lui, o schi\u0163\u0103 de portret, Numele lui este Marcu Nicolae \u015fi s-a n\u0103scut \u00een 3 iulie 1941, la Ocna Mure\u015f. Cunoscu\u0163ii \u00eei spun Nicu Marcu, iar familia \u015fi apropia\u0163ii \u00eel cheam\u0103 \u2013 Nicu\u015for. Diminutivul, cred eu, i se potrive\u015fte cel mai bine, pentru c\u0103 sonoritatea sugereaz\u0103 bun\u0103tate, acea tr\u0103s\u0103tur\u0103 care presupune absen\u0163a interesului [&hellip;]<\/p>\n","protected":false},"author":1,"featured_media":0,"comment_status":"open","ping_status":"open","sticky":false,"template":"","format":"standard","meta":{"footnotes":""},"categories":[104,1,99],"tags":[135,134,33,83],"class_list":["post-334","post","type-post","status-publish","format-standard","hentry","category-104","category-fara-categorie","category-povesti-biografice","tag-chitaristul","tag-nicu-marcu","tag-ocna-mures","tag-uioara"],"_links":{"self":[{"href":"https:\/\/dipse.ro\/maria\/wp-json\/wp\/v2\/posts\/334","targetHints":{"allow":["GET"]}}],"collection":[{"href":"https:\/\/dipse.ro\/maria\/wp-json\/wp\/v2\/posts"}],"about":[{"href":"https:\/\/dipse.ro\/maria\/wp-json\/wp\/v2\/types\/post"}],"author":[{"embeddable":true,"href":"https:\/\/dipse.ro\/maria\/wp-json\/wp\/v2\/users\/1"}],"replies":[{"embeddable":true,"href":"https:\/\/dipse.ro\/maria\/wp-json\/wp\/v2\/comments?post=334"}],"version-history":[{"count":0,"href":"https:\/\/dipse.ro\/maria\/wp-json\/wp\/v2\/posts\/334\/revisions"}],"wp:attachment":[{"href":"https:\/\/dipse.ro\/maria\/wp-json\/wp\/v2\/media?parent=334"}],"wp:term":[{"taxonomy":"category","embeddable":true,"href":"https:\/\/dipse.ro\/maria\/wp-json\/wp\/v2\/categories?post=334"},{"taxonomy":"post_tag","embeddable":true,"href":"https:\/\/dipse.ro\/maria\/wp-json\/wp\/v2\/tags?post=334"}],"curies":[{"name":"wp","href":"https:\/\/api.w.org\/{rel}","templated":true}]}}