{"id":594,"date":"2020-02-16T19:42:08","date_gmt":"2020-02-16T17:42:08","guid":{"rendered":"http:\/\/dipse.ro\/maria\/?p=594"},"modified":"2020-02-16T20:00:02","modified_gmt":"2020-02-16T18:00:02","slug":"594-2","status":"publish","type":"post","link":"https:\/\/dipse.ro\/maria\/594-2\/","title":{"rendered":"Maria  \u015fi Mihai C. Demetrescu \u2013 na\u0219i de c\u0103s\u0103torie ai lui Costan \u0219i Maria Dip\u0219e"},"content":{"rendered":"\n<p class=\"has-text-align-center\">(c\u0103s\u0103toria civil\u0103 din 16 februarie \u015fi cea religioas\u0103 din 21 februarie 1971)<\/p>\n\n\n\n<p>Na\u015fa\n<strong>M\u0103rioara<\/strong> avea o distinc\u0163ie\naristocratic\u0103 ereditar\u0103; un sim\u0163 \u015fi o \u00een\u0163elegere a realit\u0103\u0163ii epocii pe care o\ntraversam \u015fi, de pe urma c\u0103reia, a suferit ca refugiat din Basarabia. Na\u015fa\nnoastr\u0103 era o \u00een\u0163eleapt\u0103: nu ne d\u0103dea sfaturi \u00een mod direct, ci ne povestea \u00eent\u00e2mpl\u0103ri\ndin care aveam foarte multe de \u00eenv\u0103\u0163at. <\/p>\n\n\n\n<p>Na\u015ful<strong> Mi\u0219u<\/strong>, profesor universitar la A.S.E., a \u201eimportat\u201d \u00een Rom\u00e2nia, din mediul academic din SUA, \u015ftiin\u0163a Marketingului, pe care a \u00eembog\u0103\u0163it-o cu multe studii de specialitate recunoscute \u00een str\u0103in\u0103tate. Temperament dinamic, de o vast\u0103 anvergur\u0103 \u015ftiin\u0163ific\u0103, a avut mai mul\u021bi discipoli. <em>Na\u015fa M\u0103rioara \u015fi Na\u015ful Mi\u015fu<\/em> ne-au fost model \u00een multe privin\u0163e, pentru care amintirea lor r\u0103m\u00e2ne vie. <\/p>\n\n\n\n<figure class=\"wp-block-image size-large\"><img loading=\"lazy\" decoding=\"async\" width=\"800\" height=\"691\" src=\"http:\/\/dipse.ro\/maria\/wp-content\/uploads\/2020\/02\/nasii-Prel.jpg\" alt=\"\" class=\"wp-image-597\" srcset=\"https:\/\/dipse.ro\/maria\/wp-content\/uploads\/2020\/02\/nasii-Prel.jpg 800w, https:\/\/dipse.ro\/maria\/wp-content\/uploads\/2020\/02\/nasii-Prel-300x259.jpg 300w, https:\/\/dipse.ro\/maria\/wp-content\/uploads\/2020\/02\/nasii-Prel-768x663.jpg 768w\" sizes=\"auto, (max-width: 800px) 100vw, 800px\" \/><\/figure>\n","protected":false},"excerpt":{"rendered":"<p>(c\u0103s\u0103toria civil\u0103 din 16 februarie \u015fi cea religioas\u0103 din 21 februarie 1971) Na\u015fa M\u0103rioara avea o distinc\u0163ie aristocratic\u0103 ereditar\u0103; un sim\u0163 \u015fi o \u00een\u0163elegere a realit\u0103\u0163ii epocii pe care o traversam \u015fi, de pe urma c\u0103reia, a suferit ca refugiat din Basarabia. Na\u015fa noastr\u0103 era o \u00een\u0163eleapt\u0103: nu ne d\u0103dea sfaturi \u00een mod direct, ci [&hellip;]<\/p>\n","protected":false},"author":1,"featured_media":0,"comment_status":"open","ping_status":"open","sticky":false,"template":"","format":"standard","meta":{"footnotes":""},"categories":[204,125,1],"tags":[203,202,8,201],"class_list":["post-594","post","type-post","status-publish","format-standard","hentry","category-204","category-amintiri","category-fara-categorie","tag-casatorie","tag-m-c-demetrescu","tag-maria","tag-nasi"],"_links":{"self":[{"href":"https:\/\/dipse.ro\/maria\/wp-json\/wp\/v2\/posts\/594","targetHints":{"allow":["GET"]}}],"collection":[{"href":"https:\/\/dipse.ro\/maria\/wp-json\/wp\/v2\/posts"}],"about":[{"href":"https:\/\/dipse.ro\/maria\/wp-json\/wp\/v2\/types\/post"}],"author":[{"embeddable":true,"href":"https:\/\/dipse.ro\/maria\/wp-json\/wp\/v2\/users\/1"}],"replies":[{"embeddable":true,"href":"https:\/\/dipse.ro\/maria\/wp-json\/wp\/v2\/comments?post=594"}],"version-history":[{"count":0,"href":"https:\/\/dipse.ro\/maria\/wp-json\/wp\/v2\/posts\/594\/revisions"}],"wp:attachment":[{"href":"https:\/\/dipse.ro\/maria\/wp-json\/wp\/v2\/media?parent=594"}],"wp:term":[{"taxonomy":"category","embeddable":true,"href":"https:\/\/dipse.ro\/maria\/wp-json\/wp\/v2\/categories?post=594"},{"taxonomy":"post_tag","embeddable":true,"href":"https:\/\/dipse.ro\/maria\/wp-json\/wp\/v2\/tags?post=594"}],"curies":[{"name":"wp","href":"https:\/\/api.w.org\/{rel}","templated":true}]}}