{"id":622,"date":"2020-08-11T20:15:49","date_gmt":"2020-08-11T18:15:49","guid":{"rendered":"http:\/\/dipse.ro\/maria\/?p=622"},"modified":"2020-08-11T20:15:49","modified_gmt":"2020-08-11T18:15:49","slug":"omagiu-parintilor-mei","status":"publish","type":"post","link":"https:\/\/dipse.ro\/maria\/omagiu-parintilor-mei\/","title":{"rendered":"Omagiu p\u0103rin\u021bilor mei"},"content":{"rendered":"\n<p>\u00cen 11 august 1943, Mama \u2013 Ana Marcu \u2013 m-a d\u0103ruit familiei; m-au botezat Maria. Tot \u00een 11 august 1943, Tata \u2013 Emil Marcu \u2013 a d\u0103ruit familiei noastre reu\u0219ita sa la examenul pentru ob\u021binerea brevetului de fotograf. Cu scrisul ei m\u0103runt \u0219i meticulos, Mama \u2013 de-acum cu grij\u0103 pentru 4 copii \u2013 a notat \u00een fug\u0103 pe dosul pozei cu care so\u021bul ei a devenit fotograf: \u201e<em>Fotografiind aceste persoane, Ticu, Marcu Emil, a reu\u0219it la examenul foto cu \u00abfoarte bine\u00bb \u00een data de 11 august 1943, \u00een ziua \u00een care s-a n\u0103scut Mia<\/em>.\u201d<\/p>\n\n\n\n<p>La 77 de ani de la cele dou\u0103 evenimente, se confirm\u0103 leg\u0103tura subtil\u0103 \u0219i profund\u0103 dintre acestea, iar eu, Maria (Mia), \u00eemi asum misiunea de a o face vizibil\u0103, aduc\u00e2nd la lumin\u0103 imagini demult uitate. A\u0219adar, din arhiv\u0103, o fotografie din 1943 \u0219i una din 1948, ambele cu valoare de simbol.<\/p>\n\n\n\n<div class=\"wp-block-image\"><figure class=\"aligncenter size-large\"><img loading=\"lazy\" decoding=\"async\" width=\"531\" height=\"800\" src=\"http:\/\/dipse.ro\/maria\/wp-content\/uploads\/2020\/08\/img572mic.jpg\" alt=\"\" class=\"wp-image-623\" srcset=\"https:\/\/dipse.ro\/maria\/wp-content\/uploads\/2020\/08\/img572mic.jpg 531w, https:\/\/dipse.ro\/maria\/wp-content\/uploads\/2020\/08\/img572mic-199x300.jpg 199w\" sizes=\"auto, (max-width: 531px) 100vw, 531px\" \/><figcaption>1943<\/figcaption><\/figure><\/div>\n\n\n\n<div class=\"wp-block-image\"><figure class=\"aligncenter size-large\"><img loading=\"lazy\" decoding=\"async\" width=\"892\" height=\"600\" src=\"http:\/\/dipse.ro\/maria\/wp-content\/uploads\/2020\/08\/img084MamaTicu-se-pupa-pe-malul-gropii-fericiti-dupa-mutare-independent-imic.jpg\" alt=\"\" class=\"wp-image-624\" srcset=\"https:\/\/dipse.ro\/maria\/wp-content\/uploads\/2020\/08\/img084MamaTicu-se-pupa-pe-malul-gropii-fericiti-dupa-mutare-independent-imic.jpg 892w, https:\/\/dipse.ro\/maria\/wp-content\/uploads\/2020\/08\/img084MamaTicu-se-pupa-pe-malul-gropii-fericiti-dupa-mutare-independent-imic-300x202.jpg 300w, https:\/\/dipse.ro\/maria\/wp-content\/uploads\/2020\/08\/img084MamaTicu-se-pupa-pe-malul-gropii-fericiti-dupa-mutare-independent-imic-768x517.jpg 768w\" sizes=\"auto, (max-width: 892px) 100vw, 892px\" \/><figcaption>1948<\/figcaption><\/figure><\/div>\n\n\n\n<p><\/p>\n","protected":false},"excerpt":{"rendered":"<p>\u00cen 11 august 1943, Mama \u2013 Ana Marcu \u2013 m-a d\u0103ruit familiei; m-au botezat Maria. Tot \u00een 11 august 1943, Tata \u2013 Emil Marcu \u2013 a d\u0103ruit familiei noastre reu\u0219ita sa la examenul pentru ob\u021binerea brevetului de fotograf. Cu scrisul ei m\u0103runt \u0219i meticulos, Mama \u2013 de-acum cu grij\u0103 pentru 4 copii \u2013 a notat [&hellip;]<\/p>\n","protected":false},"author":1,"featured_media":0,"comment_status":"open","ping_status":"open","sticky":false,"template":"","format":"standard","meta":{"footnotes":""},"categories":[204,99],"tags":[212,210,213,35],"class_list":["post-622","post","type-post","status-publish","format-standard","hentry","category-204","category-povesti-biografice","tag-212","tag-ana-marcu-mia-marcu","tag-diploma","tag-emil-marcu"],"_links":{"self":[{"href":"https:\/\/dipse.ro\/maria\/wp-json\/wp\/v2\/posts\/622","targetHints":{"allow":["GET"]}}],"collection":[{"href":"https:\/\/dipse.ro\/maria\/wp-json\/wp\/v2\/posts"}],"about":[{"href":"https:\/\/dipse.ro\/maria\/wp-json\/wp\/v2\/types\/post"}],"author":[{"embeddable":true,"href":"https:\/\/dipse.ro\/maria\/wp-json\/wp\/v2\/users\/1"}],"replies":[{"embeddable":true,"href":"https:\/\/dipse.ro\/maria\/wp-json\/wp\/v2\/comments?post=622"}],"version-history":[{"count":0,"href":"https:\/\/dipse.ro\/maria\/wp-json\/wp\/v2\/posts\/622\/revisions"}],"wp:attachment":[{"href":"https:\/\/dipse.ro\/maria\/wp-json\/wp\/v2\/media?parent=622"}],"wp:term":[{"taxonomy":"category","embeddable":true,"href":"https:\/\/dipse.ro\/maria\/wp-json\/wp\/v2\/categories?post=622"},{"taxonomy":"post_tag","embeddable":true,"href":"https:\/\/dipse.ro\/maria\/wp-json\/wp\/v2\/tags?post=622"}],"curies":[{"name":"wp","href":"https:\/\/api.w.org\/{rel}","templated":true}]}}