{"id":638,"date":"2021-12-16T20:32:54","date_gmt":"2021-12-16T18:32:54","guid":{"rendered":"https:\/\/dipse.ro\/maria\/?p=638"},"modified":"2021-12-16T20:32:54","modified_gmt":"2021-12-16T18:32:54","slug":"doua-destine-intr-unul-singur","status":"publish","type":"post","link":"https:\/\/dipse.ro\/maria\/doua-destine-intr-unul-singur\/","title":{"rendered":"Dou\u0103 destine \u00eentr-unul singur"},"content":{"rendered":"\n<p>               Ast\u0103zi 16 decembrie 2021 se \u00eempline\u0219te o jum\u0103tate de secol \u0219i un an de c\u00e2nd destinul meu \u0219i al pictorului Constantin Dip\u0219e, a primit o nou\u0103 amprent\u0103. De unde? De undeva de <em>SUS<\/em>, chiar dac\u0103 \u00een realitatea de aici, de pe <em>P\u0103m\u00e2nt<\/em> a fost vorba de o \u00eent\u00e2lnire \u00eent\u00e2mpl\u0103toare. \u00cempreun\u0103 ne-am \u00eemplinit ca familie iar profesional, fiecare ne-am \u00eemplinit pe un drum ascendent. Am \u201er\u0103spuns\u201d cu onestitate, r\u0103bdare \u0219i dragoste \u201ecomenzii\u201d <em>Destinului<\/em> \u0219i, privind \u00eenapoi, \u0219tim c\u0103 nu ne-ar fi fost mai bine altfel.<\/p>\n\n\n\n<div class=\"wp-block-image\"><figure class=\"aligncenter size-large\"><a href=\"https:\/\/dipse.ro\/maria\/wp-content\/uploads\/2014\/02\/IMG_6776w.jpg\"><img loading=\"lazy\" decoding=\"async\" width=\"452\" height=\"325\" src=\"https:\/\/dipse.ro\/maria\/wp-content\/uploads\/2014\/02\/IMG_6776w.jpg\" alt=\"\" class=\"wp-image-248\" srcset=\"https:\/\/dipse.ro\/maria\/wp-content\/uploads\/2014\/02\/IMG_6776w.jpg 452w, https:\/\/dipse.ro\/maria\/wp-content\/uploads\/2014\/02\/IMG_6776w-300x215.jpg 300w\" sizes=\"auto, (max-width: 452px) 100vw, 452px\" \/><\/a><\/figure><\/div>\n\n\n\n<p>               Fa\u021b\u0103 de pictorul Constantin Dip\u0219e \u2013 so\u021b \u0219i tat\u0103 \u2013 mie \u0219i fiului nostru, Ionu\u021b, ne r\u0103m\u00e2ne misiunea nobil\u0103 de a-i \u021bine vie amintirea, \u0219i de a face cunoscut\u0103 arta sa, publicului larg.<\/p>\n\n\n\n<p>               Azi, \u00een Gr\u0103dina Botanic\u0103 din Bucure\u0219ti, pe o alee de l\u00e2ng\u0103 lac, v\u0103 pute\u021bi \u00eent\u00e2lni cu bucuria \u00a0culorilor pe care artistul a \u00eemp\u0103rt\u0103\u0219it-o \u00eentotdeauna cu generozitate.<\/p>\n\n\n\n<p>               M\u0103riuca Dip\u0219e<\/p>\n","protected":false},"excerpt":{"rendered":"<p>Ast\u0103zi 16 decembrie 2021 se \u00eempline\u0219te o jum\u0103tate de secol \u0219i un an de c\u00e2nd destinul meu \u0219i al pictorului Constantin Dip\u0219e, a primit o nou\u0103 amprent\u0103. De unde? De undeva de SUS, chiar dac\u0103 \u00een realitatea de aici, de pe P\u0103m\u00e2nt a fost vorba de o \u00eent\u00e2lnire \u00eent\u00e2mpl\u0103toare. \u00cempreun\u0103 ne-am \u00eemplinit ca familie iar [&hellip;]<\/p>\n","protected":false},"author":1,"featured_media":0,"comment_status":"open","ping_status":"open","sticky":false,"template":"","format":"standard","meta":{"footnotes":""},"categories":[1],"tags":[225,226,228,232,227,231,229,233],"class_list":["post-638","post","type-post","status-publish","format-standard","hentry","category-fara-categorie","tag-225","tag-constantin-dipse","tag-destin","tag-gradina-botanica","tag-maria-dipse","tag-sot","tag-sus","tag-tata"],"_links":{"self":[{"href":"https:\/\/dipse.ro\/maria\/wp-json\/wp\/v2\/posts\/638","targetHints":{"allow":["GET"]}}],"collection":[{"href":"https:\/\/dipse.ro\/maria\/wp-json\/wp\/v2\/posts"}],"about":[{"href":"https:\/\/dipse.ro\/maria\/wp-json\/wp\/v2\/types\/post"}],"author":[{"embeddable":true,"href":"https:\/\/dipse.ro\/maria\/wp-json\/wp\/v2\/users\/1"}],"replies":[{"embeddable":true,"href":"https:\/\/dipse.ro\/maria\/wp-json\/wp\/v2\/comments?post=638"}],"version-history":[{"count":1,"href":"https:\/\/dipse.ro\/maria\/wp-json\/wp\/v2\/posts\/638\/revisions"}],"predecessor-version":[{"id":639,"href":"https:\/\/dipse.ro\/maria\/wp-json\/wp\/v2\/posts\/638\/revisions\/639"}],"wp:attachment":[{"href":"https:\/\/dipse.ro\/maria\/wp-json\/wp\/v2\/media?parent=638"}],"wp:term":[{"taxonomy":"category","embeddable":true,"href":"https:\/\/dipse.ro\/maria\/wp-json\/wp\/v2\/categories?post=638"},{"taxonomy":"post_tag","embeddable":true,"href":"https:\/\/dipse.ro\/maria\/wp-json\/wp\/v2\/tags?post=638"}],"curies":[{"name":"wp","href":"https:\/\/api.w.org\/{rel}","templated":true}]}}