{"id":661,"date":"2022-10-02T16:50:31","date_gmt":"2022-10-02T14:50:31","guid":{"rendered":"https:\/\/dipse.ro\/maria\/?p=661"},"modified":"2022-10-02T16:50:32","modified_gmt":"2022-10-02T14:50:32","slug":"franturi-de-amintiri-despre-emil-marcu","status":"publish","type":"post","link":"https:\/\/dipse.ro\/maria\/franturi-de-amintiri-despre-emil-marcu\/","title":{"rendered":"Fr\u00e2nturi de amintiri despre Emil Marcu"},"content":{"rendered":"\n<figure class=\"wp-block-image size-large\"><a href=\"https:\/\/dipse.ro\/maria\/wp-content\/uploads\/2022\/10\/familia-Marcu-mic.jpg\"><img loading=\"lazy\" decoding=\"async\" width=\"1024\" height=\"811\" src=\"https:\/\/dipse.ro\/maria\/wp-content\/uploads\/2022\/10\/familia-Marcu-mic-1024x811.jpg\" alt=\"\" class=\"wp-image-662\" srcset=\"https:\/\/dipse.ro\/maria\/wp-content\/uploads\/2022\/10\/familia-Marcu-mic-1024x811.jpg 1024w, https:\/\/dipse.ro\/maria\/wp-content\/uploads\/2022\/10\/familia-Marcu-mic-300x238.jpg 300w, https:\/\/dipse.ro\/maria\/wp-content\/uploads\/2022\/10\/familia-Marcu-mic-768x608.jpg 768w, https:\/\/dipse.ro\/maria\/wp-content\/uploads\/2022\/10\/familia-Marcu-mic.jpg 1200w\" sizes=\"auto, (max-width: 1024px) 100vw, 1024px\" \/><\/a><figcaption>De la s\u00e2nga la dreapta:<br>sus: <em><strong>Emil<\/strong>,<\/em> Mia, Nicu Marcu<br>jos: Nu\u0219i, Ticu (Emil) \u0219i Mama (Ana) Marcu<\/figcaption><\/figure>\n\n\n\n<p>Pentru a te revendica drept <em>fiu<\/em> al ora\u0219ului Ocna Mure\u0219, este suficient ca acolo unde te conduc pa\u0219ii destinului, s\u0103-\u021bi reprezin\u021bi cu demnitate originile \u2013 familia \u0219i locul din care ai plecat.<\/p>\n\n\n\n<p>La \u00eenceputul acestei luni, octombrie 2022, <strong>Emil Marcu,<\/strong> al doilea din cei 4 copii ai fotografului Emil Marcu \u0219i \u0219otia sa Ana, ar fi \u00eemplinit 84 de ani.<\/p>\n\n\n\n<p>Era din genera\u021bia lui Sebi Arie\u0219an, Ciungan \u0219i B\u00e2sc\u0103 \u2013 fotbalistul (din str. Memorandului), Marius Curta (fiul avocatului din str. Iorga), Aurel Onac (din str. Avram Iancu), Gicu S\u00e2ngerean (inginer la fabrica de armament din Cugir).<\/p>\n\n\n\n<p>C\u00e2\u021biva dintre cei aminti\u021bi formau un grup la care se lipea Nicu\u0219or, urm\u0103torul dintre fra\u021bii mei. Era un grup de tineri cu spiritul liber, ne\u00eengr\u0103dit de regim, un grup care hoin\u0103rea prin Mun\u021bii Apuseni, dormind sub cerul liber pe malul r\u00e2ului Iara \u0219i \u00eengrop\u00e2nd \u00een locuri speciale c\u00e2te o sticl\u0103 cu un bilet cu numele lor, al c\u0103l\u0103torilor-hoinari: una dintre aceste m\u0103rturii ar trebui s\u0103 se afle l\u00e2ng\u0103 Crucea Secuiului (<em>amintire evocat\u0103 de Nicu Marcu<\/em>).<\/p>\n\n\n\n<p>Emil Marcu, fratele mai mare era un b\u0103rbat frumos \u2013 pentru fete, de-a dreptul,&nbsp; <em>cavaler<\/em>. Avea auz muzical rafinat, c\u00e2nta la vioara, mandolin\u0103, acordeon \u0219i muzicu\u021b\u0103. Vocea lui de tenor se integra armonios \u00een grupul tinerilor din care f\u0103ceam \u0219i eu parte, care intonam \u00ab&nbsp;<em>Tat\u0103l Nostru<\/em>&nbsp;\u00bb pe mai multe voci, la Biserica greco-catolic\u0103 din or\u0103\u0219elul nostru.<\/p>\n\n\n\n<p>Inteligen\u021ba lui Emil, dublat\u0103 de perspicacitate, \u00eei aduceau aprecierea profesorilor (distinsa Elvira Lucaci, exigenta Melania Iacob) care \u00eei l\u0103udau \u0219i scrisul organizat, caligrafic, foarte \u00eengrijit.<\/p>\n\n\n\n<p>\u00centr-una din veri, poveste\u0219te fratele Nicu, la sc\u0103ldatul \u00een Mure\u0219, Emil, l-a salvat de la \u00eenec pe profesorul Colceru, pe atunci \u0219i director al \u0219colii.<\/p>\n\n\n\n<p>Emil avea \u0219i darul vorbirii argumentate, mai ales \u00een ap\u0103rarea adev\u0103rului, a drepturilor sale \u0219i a celor din jur. Conversa\u021biile pline de verv\u0103 erau <strong>marca prezen\u021bei lui ca inginer-organizator \u00een \u0219antiere din \u021bar\u0103, ultimul, cel de la Mintia,<\/strong> \u00een aprecierea superiorilor de la Bucure\u0219ti \u0219i a echipelor cu care lucra. \u0218i-a \u00eentemeiat o familie pe care a iubit-o p\u00e2n\u0103 la sacrificiu.<\/p>\n\n\n\n<p>\u00cen familia noastr\u0103 de la Ocna Mure\u0219, c\u00e2t mai eram l\u00e2ng\u0103 p\u0103rin\u021bi, el \u00eendeplinea rolul de consilier \u00een decizii de tot felul. Prin recomandarea lui, m-am bucurat \u0219i eu de \u00eemplinirea unei dorin\u021be pentru care adunam bani \u00een pu\u0219culi\u021b\u0103: s\u0103 \u00eemi cump\u0103r cu 60 de lei (care erau mul\u021bi bani pe atunci) prin serviciul \u00ab&nbsp;Cartea prin po\u0219t\u0103&nbsp;\u00bb, Dic\u021bionarul limbii rom\u00e2ne. Nu au lipsit dezbaterile \u00een care contraargumentul \u00ab&nbsp;<em>nu \u0219tii vorbi rom\u00e2ne\u0219te f\u0103r\u0103 dic\u021bionar&nbsp;?&nbsp;<\/em>\u00bb a trebuit demontat cu r\u0103bdare.<\/p>\n\n\n\n<p>A\u0219a mi-l amintesc <strong>acum<\/strong> pe fratele meu mai mare: cu un profil seme\u021b de om curajos, un veritabil <strong>avocat &#8211; ap\u0103r\u0103tor<\/strong> <strong>al celor mici ori slabi<\/strong>, f\u0103r\u0103 putere.<\/p>\n\n\n\n<p>Cald\u0103 amintire \u0219i pre\u021buire, de la:<\/p>\n\n\n\n<p>Mia (Marcu) Dip\u0219e (sora mai mic\u0103),<\/p>\n\n\n\n<p>Nicu\u0219or, (fratele) \u0219i<\/p>\n\n\n\n<p>Ionu\u021b Dip\u0219e (nepot de sor\u0103)<\/p>\n\n\n\n<p><\/p>\n\n\n\n<p><em>Octombrie 2022<\/em><\/p>\n","protected":false},"excerpt":{"rendered":"<p>Pentru a te revendica drept fiu al ora\u0219ului Ocna Mure\u0219, este suficient ca acolo unde te conduc pa\u0219ii destinului, s\u0103-\u021bi reprezin\u021bi cu demnitate originile \u2013 familia \u0219i locul din care ai plecat. La \u00eenceputul acestei luni, octombrie 2022, Emil Marcu, al doilea din cei 4 copii ai fotografului Emil Marcu \u0219i \u0219otia sa Ana, ar [&hellip;]<\/p>\n","protected":false},"author":1,"featured_media":0,"comment_status":"open","ping_status":"open","sticky":false,"template":"","format":"standard","meta":{"footnotes":""},"categories":[1],"tags":[257,255,260,253,259,86,35,258,256,252,251,134,250,254],"class_list":["post-661","post","type-post","status-publish","format-standard","hentry","category-fara-categorie","tag-aurel-onac","tag-basca-fotbalistul","tag-biserica-greco-catolica-din-ocna-mures","tag-ciungan","tag-crucea-secuiului","tag-elvira-lucaci","tag-emil-marcu","tag-gicu-sangerean","tag-marius-curta","tag-melania-iacob","tag-mia-marcu-dipse-2","tag-nicu-marcu","tag-profesorul-colceru","tag-sebi-ariesan"],"_links":{"self":[{"href":"https:\/\/dipse.ro\/maria\/wp-json\/wp\/v2\/posts\/661","targetHints":{"allow":["GET"]}}],"collection":[{"href":"https:\/\/dipse.ro\/maria\/wp-json\/wp\/v2\/posts"}],"about":[{"href":"https:\/\/dipse.ro\/maria\/wp-json\/wp\/v2\/types\/post"}],"author":[{"embeddable":true,"href":"https:\/\/dipse.ro\/maria\/wp-json\/wp\/v2\/users\/1"}],"replies":[{"embeddable":true,"href":"https:\/\/dipse.ro\/maria\/wp-json\/wp\/v2\/comments?post=661"}],"version-history":[{"count":5,"href":"https:\/\/dipse.ro\/maria\/wp-json\/wp\/v2\/posts\/661\/revisions"}],"predecessor-version":[{"id":667,"href":"https:\/\/dipse.ro\/maria\/wp-json\/wp\/v2\/posts\/661\/revisions\/667"}],"wp:attachment":[{"href":"https:\/\/dipse.ro\/maria\/wp-json\/wp\/v2\/media?parent=661"}],"wp:term":[{"taxonomy":"category","embeddable":true,"href":"https:\/\/dipse.ro\/maria\/wp-json\/wp\/v2\/categories?post=661"},{"taxonomy":"post_tag","embeddable":true,"href":"https:\/\/dipse.ro\/maria\/wp-json\/wp\/v2\/tags?post=661"}],"curies":[{"name":"wp","href":"https:\/\/api.w.org\/{rel}","templated":true}]}}