{"id":672,"date":"2023-10-21T13:03:30","date_gmt":"2023-10-21T11:03:30","guid":{"rendered":"https:\/\/dipse.ro\/maria\/?p=672"},"modified":"2023-10-21T13:03:58","modified_gmt":"2023-10-21T11:03:58","slug":"schita-de-portret-al-biancai","status":"publish","type":"post","link":"https:\/\/dipse.ro\/maria\/schita-de-portret-al-biancai\/","title":{"rendered":"Schi\u021b\u0103 de Portret al Bianc\u0103i"},"content":{"rendered":"\n<p>Dup\u0103 o \u0219edere scurt\u0103 la Baia Mare, cu multe treburi din care am adunat multe \u201ch\u00e2rtii\u201d g\u00e2nduri si idei, m-am urcat \u00een trenul de Bucure\u0219ti ce pleca la 17,40. Am optat pentru o cu\u0219et\u0103 cu dou\u0103 locuri s\u0103 m\u0103 asigur c\u0103 m\u0103 odihnesc \u0219i c\u0103 a doua zi sunt bun\u0103 de lucru.\u00a0Aveam patul de jos; momentul plec\u0103rii se apropia. Trebuind s\u0103 \u00eemi fac ordine \u00een tot ce adunasem, \u0219i s\u0103 fac unele nota\u021bii \u00een jurnal, m-am bucurat c\u0103 eram singur\u0103 \u0219i am sperat s\u0103 r\u0103m\u00e2n singur\u0103 p\u00e2n\u0103 la Bucure\u0219ti. \u00cens\u0103, dup\u0103 o or\u0103 \u0219i ceva de c\u0103l\u0103torie \u00een u\u0219a compartimentului a ap\u0103rut o t\u00e2n\u0103r\u0103 cu o valiz\u0103 uria\u0219\u0103, absolut uria\u0219\u0103 \u2013 a\u0219a mi-o amintesc. Parc\u0103 m-am v\u0103zut pe mine \u00een nenum\u0103ratele c\u0103l\u0103torii, aici \u0219i \u00eenafara t\u0103rii, p\u0103str\u00e2ndu-mi nealterat obiceiul de a avea bagaje ce dep\u0103\u0219eau num\u0103rul m\u00e2inilor ori, dep\u0103\u0219eau &#8211; ca greutate, normalul puterilor mele. Ra\u021bionamentul rapid \u0219i consolator a fost: nu sunt singura care c\u0103l\u0103tore\u0219te cu multe cu bagaje grele, iar rostul lor dezv\u0103luie importan\u021ba c\u0103l\u0103toriei.<\/p>\n\n\n\n<p>T\u00e2n\u0103ra s-a instalat, am clarificat c\u0103 am\u00e2ndou\u0103 mergem p\u00e2n\u0103 la Bucure\u0219ti eu \u00eemi vedeam de h\u00e2rtii \u0219i, pentru c\u0103 vorbisem mult la telefon aveam nevoie s\u0103-mi \u00eencarc telefonul la priza din compartiment. Ac\u021biune e\u0219uat\u0103 \u00eentr-un vagon de tip vechi.<br>F\u0103r\u0103 s\u0103 stea pe g\u00e2nduri, vecina mea de compartiment mi-a \u00eemprumutat o baterie mobil\u0103.<br>N-am vorbit despre vreme, n-am vorbit despre politic\u0103, n-am vorbit despre c\u00e2te mizerii se \u00eent\u00e2mpl\u0103 \u00een jur. \u00cen conversa\u021bia noastr\u0103 destul de sumar\u0103 la \u00eenceput, am aflat c\u0103 la Bucure\u0219ti urma s\u0103 lucreze \u00eentr-o institu\u021bie important\u0103, unde preg\u0103tirea ei de jurist, \u00eei servea din plin.<\/p>\n\n\n\n<p>Era preocupat\u0103 de apartamentul pe care \u00eel va \u00eenchiria si de alte aspecte &nbsp;ale instal\u0103rii. Am \u00een\u021beles c\u0103 are c\u00e2teva cuno\u0219tin\u021be \u00een Bucure\u0219ti deci, c\u0103 aici nu este a nim\u0103nui.<br>Eu, venind din mul\u021bimea treburilor din Baia Mare \u0219i \u0218urde\u0219ti, am pomenit&nbsp;de \u0219antierul de la Casa memorial\u0103 Dip\u0219e la care lucrez, ac\u021biune sus\u021binut\u0103 de fiul meu Ionu\u021b.<br>M\u0103 laud cu ce am reu\u0219it s\u0103 restaurez, m\u0103 pl\u00e2ng de paradoxul de a nu avea terenul de sub aceast\u0103 construc\u021bie de la 1870, cu valoare patrimonial\u0103, f\u0103r\u0103 s\u0103 omit c\u0103 situa\u021bia m\u0103 conduce probabil la o b\u0103t\u0103lie juridic\u0103. Toate acestea \u00een contextul evoc\u0103rii personalit\u0103\u021bilor din familia pictorului cu un bunic memorandist, cu un tat\u0103 delegat la Marea Unire, cu un frate c\u0103zut \u00een R\u0103zboi, cu un altul care a f\u0103cut proiectul pentru aduc\u021biunea apei \u00een sat.<\/p>\n\n\n\n<p>Am atins si subiectul crea\u021biei pictorului Constantin Dip\u0219e indic\u00e2nd situl din care poate afla mai multe despre pictor. I-am recomand s\u0103 vad\u0103 panourile cu reproduceri dup\u0103 tablourile Dip\u0219e expuse \u00een Gr\u0103dina Botanic\u0103 din Bucure\u0219ti, pe aleea de l\u00e2ng\u0103 lac. Deschiderea subiectului despre art\u0103,&nbsp;i-a luminat chipul \u0219i \u00eembujorat pome\u021bii bine contura\u021bi la z\u00e2mbetul ei larg. Cu modestie mi-a spus c\u0103 \u0219i ea este prins\u0103 \u00een mrejele acestei arte &#8211; pictura. Nu am dezvoltat subiectul, nu i-am pus \u00eentreb\u0103ri, \u0219i pentru c\u0103 vremea culcatului se apropia. Un nou punct comun \u2013 \u00eemi zic \u2013 o noua baz\u0103 de discu\u021bii, o nou\u0103 revela\u021bie despre aceast\u0103 t\u00e2n\u0103r\u0103.&nbsp;Plin\u0103 de energie cu dragoste pentru art\u0103 \u0219i frumos, cu pl\u0103cerea de a crea. Un nou reper comun.<br>Diminea\u021ba ne-am desp\u0103r\u021bit la gar\u0103 dup\u0103 ce fiecare am urcat \u00een vehiculul potrivit pentru destina\u021bia dorit\u0103. Dup\u0103 o vreme, am primit c\u00e2teva poze din Gr\u0103dina Botanic\u0103 unde t\u00e2n\u0103ra a vizitat expozi\u021bia Dip\u0219e.<\/p>\n\n\n\n<p>Pentru \u00eentregirea schi\u021bei de portret, pot spune c\u0103, cele dou\u0103 picturi alese, l\u00e2ng\u0103 care s-a pozat sunt gr\u0103itoare pentru alte tr\u0103s\u0103turi ale ei. <strong>Cavalerul trac &#8211;<\/strong> o alegere ce vorbe\u0219te despre dorin\u021b\u0103, curaj, determinare, \u0219i energie. <strong>C\u0103su\u021ba mo\u0219ului<\/strong> care vorbe\u0219te despre leg\u0103tura ei cu locul din care a plecat, de certitudinea c\u0103 nu \u00ee\u0219i uit\u0103 leg\u0103turile statornicite \u00eenainte de c\u0103l\u0103toria spre Bucure\u0219ti unde cu siguran\u021b\u0103, a g\u0103sit o alt\u0103 lume.<\/p>\n\n\n\n<p>Entuziast\u0103, s\u0103ritoare, generoas\u0103, ne\u00eenfricat\u0103 cu leg\u0103turi in trecut bine statornicite, si cu deschidere curajoasa c\u0103tre viitor. Cu aplecare c\u0103tre crea\u021bie, c\u0103tre art\u0103. Aceasta este t\u00e2n\u0103ra pe care am cunoscut o \u00een tren, cu care r\u0103m\u00e2n \u00eentr-o comunicare fructuoas\u0103, pe plan artistic \u0219i juridic.<\/p>\n\n\n\n<p>Maria Dip\u0219e<br>10 octombrie 2023<\/p>\n","protected":false},"excerpt":{"rendered":"<p>Dup\u0103 o \u0219edere scurt\u0103 la Baia Mare, cu multe treburi din care am adunat multe \u201ch\u00e2rtii\u201d g\u00e2nduri si idei, m-am urcat \u00een trenul de Bucure\u0219ti ce pleca la 17,40. Am optat pentru o cu\u0219et\u0103 cu dou\u0103 locuri s\u0103 m\u0103 asigur c\u0103 m\u0103 odihnesc \u0219i c\u0103 a doua zi sunt bun\u0103 de lucru.\u00a0Aveam patul de jos; [&hellip;]<\/p>\n","protected":false},"author":1,"featured_media":0,"comment_status":"open","ping_status":"open","sticky":false,"template":"","format":"standard","meta":{"footnotes":""},"categories":[1],"tags":[265,263,261,264,227,266],"class_list":["post-672","post","type-post","status-publish","format-standard","hentry","category-fara-categorie","tag-aventura","tag-baia-mare","tag-bianca","tag-calatorie","tag-maria-dipse","tag-prietenie"],"_links":{"self":[{"href":"https:\/\/dipse.ro\/maria\/wp-json\/wp\/v2\/posts\/672","targetHints":{"allow":["GET"]}}],"collection":[{"href":"https:\/\/dipse.ro\/maria\/wp-json\/wp\/v2\/posts"}],"about":[{"href":"https:\/\/dipse.ro\/maria\/wp-json\/wp\/v2\/types\/post"}],"author":[{"embeddable":true,"href":"https:\/\/dipse.ro\/maria\/wp-json\/wp\/v2\/users\/1"}],"replies":[{"embeddable":true,"href":"https:\/\/dipse.ro\/maria\/wp-json\/wp\/v2\/comments?post=672"}],"version-history":[{"count":2,"href":"https:\/\/dipse.ro\/maria\/wp-json\/wp\/v2\/posts\/672\/revisions"}],"predecessor-version":[{"id":674,"href":"https:\/\/dipse.ro\/maria\/wp-json\/wp\/v2\/posts\/672\/revisions\/674"}],"wp:attachment":[{"href":"https:\/\/dipse.ro\/maria\/wp-json\/wp\/v2\/media?parent=672"}],"wp:term":[{"taxonomy":"category","embeddable":true,"href":"https:\/\/dipse.ro\/maria\/wp-json\/wp\/v2\/categories?post=672"},{"taxonomy":"post_tag","embeddable":true,"href":"https:\/\/dipse.ro\/maria\/wp-json\/wp\/v2\/tags?post=672"}],"curies":[{"name":"wp","href":"https:\/\/api.w.org\/{rel}","templated":true}]}}