{"id":677,"date":"2024-01-08T12:23:59","date_gmt":"2024-01-08T10:23:59","guid":{"rendered":"https:\/\/dipse.ro\/maria\/?p=677"},"modified":"2024-01-08T12:23:59","modified_gmt":"2024-01-08T10:23:59","slug":"mi-ar-fi-placut-sa-i-am-ca-studenti","status":"publish","type":"post","link":"https:\/\/dipse.ro\/maria\/mi-ar-fi-placut-sa-i-am-ca-studenti\/","title":{"rendered":"Mi-ar fi pl\u0103cut s\u0103-i am ca studen\u021bi\u2026"},"content":{"rendered":"\n<p>Cu pu\u021bin \u00eenainte de Cr\u0103ciunul din 2023, eram \u00een tramvaiul 41, \u00een direc\u021bia Pia\u021ba Drumul Taberei. De\u0219i aglomerat, \u00een preajma mea mai erau dou\u0103-trei scaune neocupate.<br>Pe traseu a urcat un grup de \u0219apte-opt <strong>elevi<\/strong> despre care am aflat mai t\u00e2rziu c\u0103 erau in clasa a <strong>XII a, la liceul Nicolae Iorga din Bucure\u0219ti<\/strong>. Aveau o conversa\u021bie intra-grup despre burse, despre bani \u0219i c\u00e2te \u0219i mai c\u00e2te de-ale lor. Una dintre eleve a \u00eenceput s\u0103 murmure un colind, satisfac\u021bia v\u0103z\u00e2ndu-i-se pe chip. Asta mi-a f\u0103cut, nu numai pl\u0103cere, dar mi-a \u0219i st\u00e2rnit \u0219i <strong>o amintire<\/strong> drag\u0103 pe care v-o spun c\u00e2t mai pe scurt.<\/p>\n\n\n\n<p><em>O iarn\u0103 friguroas\u0103 \u00eent\u00e2mpina un Cr\u0103ciun liber de dup\u0103 1990. La acea vreme predam franceza \u00een specialitatea economic\u0103 la Academia de Studii Economice din Bucure\u0219ti. Spre \u00eencheierea activit\u0103\u021bii didactice, bucuria acestei noi vacan\u021be de Cr\u0103ciun dup\u0103 at\u00e2\u021bia ani de \u201e\u00eenghe\u021b\u201d al s\u0103rb\u0103torii, trebuia, dup\u0103 p\u0103rerea mea, s\u0103 primeasc\u0103 un con\u021binut concret prin colinde \u0219i colindat. Curaj am avut, &nbsp;jen\u0103 &#8211; deloc: \u00een tot ASE-ul numai grupele de studen\u021bi ale lui Madame Dip\u0219e, c\u00e2ntau colinde.<\/em><em> Dar, bucuria trebuia \u00eemp\u0103rt\u0103\u0219it\u0103 \u0219i, \u00eempreun\u0103 cu studen\u021bii, am decis s\u0103 colind\u0103m la Rectorat &#8211; la conducerea ASE-ului &#8211; eveniment \u00een premier\u0103. C\u00e2ntatul \u00een ASE, dar mai ales colindatul la u\u0219a conducerii institu\u021biei, a fost o \u00eendr\u0103zneal\u0103 nemaiv\u0103zut\u0103 \u0219i nemaiauzit\u0103 \u00een institu\u021bie. M-am asigurat, printr-o confiden\u021b\u0103&nbsp; secretarei,&nbsp;c\u0103 \u00een vinerea care deschidea vacan\u021ba, Domnul Rector, distinsul Profesor univ. dr. Paul Bran, era acolo.<\/em> <em>\u00cen diminea\u021ba acelei vineri din pragul vacan\u021bei, mi-am preluat grupa de studen\u021bi (care trecuser\u0103 la prima or\u0103 printr-un test la o materie de specialitate) \u0219i, \u00eempreun\u0103 ne-am deplasat de la cl\u0103direa din str. Moxa la cl\u0103direa central\u0103 din Pia\u021ba Roman\u0103.<\/em><\/p>\n\n\n\n<p><em>\u00cenfrigura\u021bi \u0219i fl\u0103m\u00e2nzi (c\u0103ci din cauza emo\u021biei testului, studen\u021bii nu apucaser\u0103 s\u0103 m\u0103n\u00e2nce), aproape t\u00e2r\u00e2nd ni\u0219te saco\u0219e grele pline cu ve\u0219mintele netrebuincioase pentru sezonul friguros, preg\u0103tite pentru drumul de \u00eentoarcere spre familiile din provincie, am reu\u0219it s\u0103 ajungem \u00een holul majestuos al cl\u0103dirii principale. R\u00e2ndui\u021bi pe treptele ce duceau spre Aula Magna, \u00een preajma unui brad imens, \u00eempodobit generos, to\u021bi ne-am dezghe\u021bat z\u00e2mbetele \u0219i ne-am preg\u0103tit s\u0103 colind\u0103m.<\/em><em> \u00cen holul \u00een\u0103l\u021bat pe dou\u0103 etaje, colind dup\u0103 colind &#8211; r\u0103sunau de bucuria noastr\u0103. Ne ascultau rectorul, prorectorii \u0219i tot personalul prezent acolo<\/em>. <em>Am colindat f\u0103r\u0103 a\u0219tept\u0103ri de recompens\u0103. Dar, mare ne-a fost surpriza c\u00e2nd Dl. Rector \u2013 dup\u0103 ce a urat cele cuvenite \u2013, a str\u00e2ns m\u00e2na fiec\u0103rui student, oferindu-i \u0219i o saco\u0219\u0103 plin\u0103 cu daruri \u0219i invit\u00e2ndu-i pe to\u021bi s\u0103 se \u00eenfrupte din gust\u0103rile preg\u0103tite pentru ei.<\/em><\/p>\n\n\n\n<p><em>Folosesc prilejul s\u0103 \u00eei aduc un omagiu Profesorului Paul Bran, pentru d\u0103ruirea lui \u00eentru formarea personalit\u0103\u021bii complexe a tinerilor.<\/em><\/p>\n\n\n\n<p class=\"has-text-align-center\"><strong>*<\/strong><\/p>\n\n\n\n<p>A\u0219adar, amintirea acelui Cr\u0103ciun preg\u0103tit cu bucurie, mi-a dat acum, \u00een tramvaiul 41, curajul unei ac\u021biuni inedite: auzind eleva murmur\u00e2nd un colind, am \u0219optit grupului: hai s\u0103 colind\u0103m to\u021bi \u00eempreun\u0103! Nedumeri\u021bi, \u00ee\u0219i aruncau priviri unul altuia \u0219i cu to\u021bii \u2013 mie; iar atunci, le-am dat tonul \u0219i indic\u00e2ndu-le ritmul \u0219i intensitatea pe parcurs, <strong>s<em>-au prins cu to\u021bii \u00een jocul propus<\/em><\/strong><em>. <\/em>Ajut\u00e2ndu-se de textele de pe internet, colindatul a fost ne\u00eentrerupt, f\u0103r\u0103 nici o ezitare.<\/p>\n\n\n\n<p>Da, am <em>colindat<\/em> \u00een tramvaiul 41 desfiin\u021b\u00e2nd mitul plin de vorbe de glum\u0103 \u0219i de ironie cu referire la <em>c\u00e2ntatul \u00een 41. <\/em>Ca parte din grupul de colind\u0103tori dar \u0219i ca beneficiar\u0103 a unei bucurii nem\u0103surate pe care am tr\u0103it-o c\u00e2nt\u00e2nd \u00eempreun\u0103 cu ace\u0219ti tineri, am vrut s\u0103 \u00eei r\u0103spl\u0103tesc oferindu-le o sum\u0103 de bani. Cu o spontaneitate uimitoare to\u021bi, aproape deodat\u0103, au spus <strong><em>NU! l\u0103sa\u021bi dumneavoastr\u0103 ave\u021bi mai mare nevoie de ace\u0219ti bani!<\/em><\/strong><strong><em> <\/em><\/strong>Nu pun \u00een c\u00e2ntar cine avea mai mare nevoie de ace\u0219ti bani, pentru c\u0103 \u0219tiu sigur c\u0103 \u00eentotdeauna tinerii au mai multe nevoi dec\u00e2t v\u00e2rstnicii. Dar, revela\u021bia unei calit\u0103\u021bi latente ce caracterizeaz\u0103 ace\u0219ti tineri elevi <em>\u2013<\/em> <strong>umanismul<\/strong> \u00een sensul cel mai cuprinz\u0103tor al cuv\u00e2ntului \u2013 m-a cople\u0219it. Desigur c\u0103 <strong>meritul<\/strong> elevilor se hr\u0103ne\u0219te din firea lor \u0219i din calitatea \u0219i preocuparea p\u0103rin\u021bilor. Dar f\u0103r\u0103 d\u0103ruirea dasc\u0103lilor dintr-o \u0219coal\u0103&nbsp;\u00een care sunt pre\u021buite valorile morale, \u0219lefuirea &nbsp;personalit\u0103\u021bii lor ar suferi.<\/p>\n\n\n\n<p>Nu cunosc cota\u021bia valorii \u0219colilor din Bucure\u0219ti, dar \u00eemi r\u0103m\u00e2ne \u00eentip\u0103rit \u00een minte, standardul revelat al actului educativ din liceul Nicolae Iorga.<\/p>\n\n\n\n<p><strong>Mi-ar fi pl\u0103cut s\u0103-i am ca studen\u021bi pe ace\u0219ti tineri al c\u0103ror numitor comun este capacitatea s\u0103 f\u0103ptuiasc\u0103 bucurie \u0219i frumuse\u021be f\u0103r\u0103 s\u0103 a\u0219tepte r\u0103splat\u0103<\/strong>.<\/p>\n\n\n\n<p>Maria Dip\u0219e<\/p>\n","protected":false},"excerpt":{"rendered":"<p>Cu pu\u021bin \u00eenainte de Cr\u0103ciunul din 2023, eram \u00een tramvaiul 41, \u00een direc\u021bia Pia\u021ba Drumul Taberei. De\u0219i aglomerat, \u00een preajma mea mai erau dou\u0103-trei scaune neocupate.Pe traseu a urcat un grup de \u0219apte-opt elevi despre care am aflat mai t\u00e2rziu c\u0103 erau in clasa a XII a, la liceul Nicolae Iorga din Bucure\u0219ti. Aveau o [&hellip;]<\/p>\n","protected":false},"author":1,"featured_media":0,"comment_status":"open","ping_status":"open","sticky":false,"template":"","format":"standard","meta":{"footnotes":""},"categories":[1],"tags":[274,18,277,272,276,273,267,278,271,268,275,269],"class_list":["post-677","post","type-post","status-publish","format-standard","hentry","category-fara-categorie","tag-274","tag-ase","tag-bucurie","tag-colind","tag-cor","tag-craciun","tag-liceul-nicolae-iorga","tag-rasplata","tag-rector-paul-bran","tag-standard-educatie","tag-tramvaiul-41","tag-valori-morale"],"_links":{"self":[{"href":"https:\/\/dipse.ro\/maria\/wp-json\/wp\/v2\/posts\/677","targetHints":{"allow":["GET"]}}],"collection":[{"href":"https:\/\/dipse.ro\/maria\/wp-json\/wp\/v2\/posts"}],"about":[{"href":"https:\/\/dipse.ro\/maria\/wp-json\/wp\/v2\/types\/post"}],"author":[{"embeddable":true,"href":"https:\/\/dipse.ro\/maria\/wp-json\/wp\/v2\/users\/1"}],"replies":[{"embeddable":true,"href":"https:\/\/dipse.ro\/maria\/wp-json\/wp\/v2\/comments?post=677"}],"version-history":[{"count":1,"href":"https:\/\/dipse.ro\/maria\/wp-json\/wp\/v2\/posts\/677\/revisions"}],"predecessor-version":[{"id":678,"href":"https:\/\/dipse.ro\/maria\/wp-json\/wp\/v2\/posts\/677\/revisions\/678"}],"wp:attachment":[{"href":"https:\/\/dipse.ro\/maria\/wp-json\/wp\/v2\/media?parent=677"}],"wp:term":[{"taxonomy":"category","embeddable":true,"href":"https:\/\/dipse.ro\/maria\/wp-json\/wp\/v2\/categories?post=677"},{"taxonomy":"post_tag","embeddable":true,"href":"https:\/\/dipse.ro\/maria\/wp-json\/wp\/v2\/tags?post=677"}],"curies":[{"name":"wp","href":"https:\/\/api.w.org\/{rel}","templated":true}]}}