{"id":723,"date":"2024-06-19T18:08:53","date_gmt":"2024-06-19T16:08:53","guid":{"rendered":"https:\/\/dipse.ro\/maria\/?p=723"},"modified":"2024-06-19T18:16:47","modified_gmt":"2024-06-19T16:16:47","slug":"schita-de-portret-gen-ion-bunoaica-dr-in-stiinte-militare","status":"publish","type":"post","link":"https:\/\/dipse.ro\/maria\/schita-de-portret-gen-ion-bunoaica-dr-in-stiinte-militare\/","title":{"rendered":"Schi\u021b\u0103 de portret:                                                Generalul                                                                Ion Bunoaica \u2013 dr. \u00een \u0219tiin\u021be militare"},"content":{"rendered":"\n<p class=\"has-text-align-center\">Interviu cu Dana Bunoaica, fiica lui Ion Bunoaica, comandantul Jandarmeriei Rom\u00e2ne <\/p>\n\n\n\n<p class=\"has-text-align-center\">\u00eentre anii 1990 \u2013 1995<\/p>\n\n\n<div class=\"wp-block-image\">\n<figure class=\"aligncenter size-medium is-resized\"><a href=\"https:\/\/dipse.ro\/maria\/wp-content\/uploads\/2024\/06\/Ion-Bunoaica-civil-3.jpg\"><img loading=\"lazy\" decoding=\"async\" width=\"300\" height=\"281\" src=\"https:\/\/dipse.ro\/maria\/wp-content\/uploads\/2024\/06\/Ion-Bunoaica-civil-3-300x281.jpg\" alt=\"\" class=\"wp-image-724\" style=\"width:307px;height:auto\" srcset=\"https:\/\/dipse.ro\/maria\/wp-content\/uploads\/2024\/06\/Ion-Bunoaica-civil-3-300x281.jpg 300w, https:\/\/dipse.ro\/maria\/wp-content\/uploads\/2024\/06\/Ion-Bunoaica-civil-3.jpg 672w\" sizes=\"auto, (max-width: 300px) 100vw, 300px\" \/><\/a><\/figure><\/div>\n\n\n<p><\/p>\n\n\n\n<p><strong><em>\u2013 Cum \u021bi-l aminte\u0219ti pe tat\u0103l t\u0103u? <\/em><\/strong><em><br><\/em>Este o \u00eentrebare \u0219i o cerin\u021b\u0103 care m\u0103 emo\u021bioneaz\u0103. Sunt multe imagini pe care le am \u00een memorie cu tata, iar din acestea \u00eencerc s\u0103 sintetizez c\u00e2teva, care s\u0103 arate c\u00e2teva tr\u0103s\u0103turi care i-ar putea interesa \u0219i pe cititori: \u00eemi amintesc de un om serios \u0219i totu\u0219i agreabil \u0219i abordabil \u00een ni\u0219te limite. Cu tat\u0103l meu se discutau mai ales probleme importante, pentru c\u0103 nu \u00eei pl\u0103cea s\u0103 piard\u0103 timpul cu nimicuri. De\u0219i era \u00eentr-adev\u0103r foarte serios (dar asta nu \u00eenseamn\u0103 c\u0103 \u00eei lipsea sim\u021bul umorului), tata putea fi nea\u0219teptat de spontan \u00een anumite lucruri dr\u0103g\u0103la\u0219e: de exemplu \u00eemi amintesc c\u0103 odat\u0103, l-am vizitat la B\u0103neasa la biroul lui \u0219i, ca s\u0103-mi fac\u0103 o bucurie, a ie\u0219it din birou z\u00e2mbind, acompaniat de doi c\u00e2ini. \u00cei pl\u0103ceau animalele, mai ales de pisicile albe; am avut \u0219i una acas\u0103.<\/p>\n\n\n\n<p>Dar, cred c\u0103 ultima imagine e legat\u0103 de examenele de admitere la facultate; c\u00e2nd m-am \u00eentors acas\u0103, l-am g\u0103sit \u00een sufragerie \u00een fotoliu, foarte preocupat. D\u0103deam admitere la Jurnalism, op\u021biune pe care tata a validat-o, cump\u0103r\u00e2ndu-mi chiar o ma\u0219in\u0103 de scris de ziua mea. A crezut \u00een mine, a crezut c\u0103 pot scrie, c\u0103 pot crea ceva prin scris, c\u0103 am un talent \u00een acest sens pe care trebuie \u00eens\u0103 s\u0103 \u00eel hr\u0103nesc ne\u00eencetat cu exerci\u021biu \u0219i studiu. \u00cen final, \u0219i este foarte trist, tat\u0103l meu nu a mai aflat rezultatul examenului meu. Mai vreau s\u0103 subliniez c\u0103 tata era un om cu o fin\u0103 intui\u021bie a tr\u0103s\u0103turilor celor din jur.<\/p>\n\n\n\n<p><strong>\u2013<\/strong><strong><em> Po\u021bi numi unul sau dou\u0103 repere spuse explicit sau sugerate de tat\u0103l t\u0103u, care te ghideaz\u0103 \u00een via\u021b\u0103?<\/em><\/strong><\/p>\n\n\n\n<p>Tata nu mi-a spus c\u0103 ar trebui s\u0103 fiu \u00eentr-un fel sau \u00een altul, dar da, am \u00eenv\u0103\u021bat de la el, prin puterea exemplului: c\u0103 ceea ce fac trebuie s\u0103 fac bine. Am \u00eenv\u0103\u021bat c\u0103, dac\u0103 e\u0219ti corect, via\u021ba \u00ee\u0219i urmeaz\u0103 cursul cu \u00eempliniri \u0219i chiar dezam\u0103giri din care trebuie s\u0103 \u00eenve\u021bi s\u0103 ie\u0219i ca s\u0103 mergi mai departe. S\u0103 te men\u021bii activ pe c\u00e2t mai multe planuri, s\u0103 cite\u0219ti &#8211; de altfel, \u00een casa din Bucure\u0219ti aveam trei biblioteci &#8211; s\u0103 cau\u021bi mereu noi momente \u0219i domenii \u00een care, pe l\u00e2ng\u0103 satisfac\u021bia personal\u0103, s\u0103 po\u021bi fi de folos \u0219i altora. \u00cen plus, am \u00eenv\u0103\u021bat c\u0103 e bine, c\u00e2nd ai posibilitatea, s\u0103 fii generos cu cei din jur, s\u0103 aju\u021bi. Nu cred c\u0103 exagerez spun\u00e2nd c\u0103 el f\u0103cea toate astea.<strong><em><\/em><\/strong><\/p>\n\n\n\n<p><strong>\u2013<\/strong><strong><em> E\u0219ti mereu invitat\u0103 s\u0103 participi la Bra\u0219ov, la festivit\u0103\u021bile de ziua Jandarmeriei Rurale care coincid cu comemorarea tat\u0103lui t\u0103u, pe 1 septembrie. <\/em><\/strong><strong><em>Cum este descris tat\u0103l t\u0103u de colegii s\u0103i?<\/em><\/strong><strong><\/strong><\/p>\n\n\n\n<p>Am cunoscut mai mul\u021bi colegi ai tat\u0103lui meu c\u00e2nd era \u00een via\u021b\u0103. Tata a fost comandant, o func\u021bie cu o r\u0103spundere enorm\u0103. Acestea sunt exact \u00eemprejur\u0103rile care arat\u0103 calit\u0103\u021bile profesionale \u0219i umane, \u00een momente \u00een care at\u00e2\u021bia al\u021bii depind de tine \u0219i la r\u00e2ndul lor munca voastr\u0103 se reflect\u0103 asupra celor din jur, asupra societ\u0103\u021bii. Pot spune c\u0103 a fost un comandant admirat \u0219i regretat de cei care l-au cunoscut, de aceea ei se \u00eengrijesc de p\u0103strarea vie a memoriei lui. Reiterez c\u0103 tata s-a n\u0103scut \u00eentr-un sat din Teleorman, dar fiind \u00eenzestrat cu o inteligen\u021b\u0103 remarcabil\u0103 \u0219i cu dorin\u021ba de ac\u021biune, a avut \u00een\u021belegerea faptului c\u0103 Jandarmeria Rom\u00e2n\u0103 trebuie re\u00eennoit\u0103 \u0219i pentru asta a avut o contribu\u021bie esen\u021bial\u0103 prin lucrarea sa \u201eJandarmeria Rom\u00e2n\u0103 \u2013 tradi\u021bii \u0219i perspective\u201d. A fost dorin\u021ba lui ca militar, pentru \u00eemplinirea c\u0103reia s-a d\u0103ruit din r\u0103sputeri, cu o d\u00e2rzenie nelipsit\u0103 de bun\u0103tate. La Academia de Poli\u021bie a fost conferen\u021biar \u0219i pot spune c\u0103 a pus bazele catedrei pentru jandarmii \u00een formare. Desigur, pe l\u00e2ng\u0103 calit\u0103\u021bile de comandant, a\u0219 spune c\u0103 \u0219i capacit\u0103\u021bile lui de comunicare, c\u0103 era vorba de studen\u021bi sau de personalit\u0103\u021bi politice au justificat din plin toate aceste func\u021bii.<\/p>\n\n\n\n<p><strong><em>\u2013 Oficial, cum este evocat\u0103 memoria lui?<br><\/em><\/strong>Despre tata s-a scris \u00een diverse articole de pres\u0103; este comemorat anual de Inspectoratul General al Jandarmeriei, de asemenea \u00een satul natal unde s-a ridicat un monument \u00een memoria lui, la Slobozia \u2013 M\u00e2ndra, jude\u021bul Teleorman. La Bra\u0219ov, \u00een curtea institu\u021biei are un bust realizat de sculptorul Vasile Pris\u0103caru. Toate acestea vorbesc de la sine: colegii s\u0103i \u021bin \u00een mod special la memoria unui comandant de mare anvergur\u0103, dup\u0103 cum ei \u00een\u0219i\u0219i spun, care a pus bazele institu\u021biei.<br><br><strong><em>\u2013 Pe ce se pune accent \u00een contextul men\u021bion\u0103rii numelui lui ?<\/em><br><\/strong>Cunosc mai mul\u021bi colegi ai tat\u0103lui meu, pe unii i-am cunoscut personal din timpul vie\u021bii lui, cu al\u021bii m-am reg\u0103sit mai t\u00e2rziu \u00een diverse contexte. To\u021bi au c\u0103zut de acord, vorbind despre tata, c\u0103 a avut viziunea unui profesionist de prim rang. Se recunoa\u0219te \u0219i azi c\u0103 a clintit status-quo-ul institu\u021biei prin personalitatea sa impun\u0103toare, \u00eenzestrat\u0103 cu inteligen\u021b\u0103 \u0219i perspicacitate, cu o vast\u0103 cultur\u0103, cu puterea de a intui psihologia oamenilor. De aceea s-a bucurat \u00a0\u00een ac\u021biunile sale, \u0219i de sprijinul acestora, \u0219i chiar a Ministrului\u00a0 de Interne din acea vreme, Doru Viorel Ursu.<\/p>\n\n\n\n<p><strong><em>\u2013 Lu\u00e2ndu-l pe tat\u0103l t\u0103u drept model, ce anume te-a ghidat \u00een via\u021b\u0103?<\/em><\/strong><\/p>\n\n\n\n<p>Cred c\u0103 seriozitatea \u0219i curajul. \u0218i un fond constant de corectitudine.<\/p>\n\n\n\n<p><strong><em>\u2013 Noi, oamenii obi\u0219nui\u021bi, ar trebui s\u0103 \u00eel vedem pe tat\u0103l t\u0103u ca pe un reper<\/em><\/strong><strong><em> de comportament \u00een via\u021b\u0103<\/em><\/strong><strong><em>?<\/em><\/strong><strong><br><\/strong>Da, pentru c\u0103 sintetiz\u00e2nd opiniile colegilor \u0219i ale cunoscu\u021bilor lui, dar \u0219i analiz\u00e2nd g\u00e2ndirea lui profesional\u0103, trebuie subliniat c\u0103 a f\u0103cut lucruri deosebite; &nbsp;Chiar dac\u0103 \u00een timpul vie\u021bii lui proiectul nu a fost finalizat \u00een totalitate, el a trasat un parcurs de \u00eennoire, at\u00e2t de c\u0103utat la acel moment. \u0218i toate acestea \u00een contextul schimb\u0103tor \u0219i dramatic al anilor \u201990. Pot spune c\u0103 tat\u0103l meu, Gen. Ion Bunoaica a fost si r\u0103m\u00e2ne un model de ac\u021biune \u00eentreprins\u0103 cu convingere. \u00cen plus, umanitatea lui , seriozitatea \u0219i tenacitatea, dublate de modestie sunt repere care ajut\u0103 pe oricine s\u0103 ocupe un loc mult respectat \u00een breasla din care face parte. <strong><\/strong><\/p>\n\n\n\n<p><em>Not\u0103 biografic\u0103:<\/em><\/p>\n\n\n\n<p>Ion Bunoaica s-a n\u0103scut la 22 iulie 1948 \u00een comuna Slobozia-M\u00e2ndra din jude\u021bul Teleorman. A fost militar de carier\u0103 \u00eencep\u00e2ndu-\u0219i studiile la Sibiu la \u0218coala de Ofi\u021beri, dup\u0103 absolvirea liceului. A avut func\u021bii militare semnificative \u00eenainte de a deveni, \u00een 1990, comandantul trupelor de jandarmi de atunci. De exemplu a condus unit\u0103\u021bi militare situate \u00een 5 jude\u021be \u00eenvecinate cu jude\u021bul Timi\u0219, \u00een perioada 1983 \u2013 1989. A avut un rol cheie \u00een re\u00eenfiin\u021barea Jandarmeriei Rom\u00e2ne \u00een anii \u201990 \u0219i a murit \u00een 1995, \u00eentr-un accident de elicopter foarte mediatizat la vremea aceea. Memoria sa este onorat\u0103 an de an \u00een unit\u0103\u021bi de Jandarmerie din toat\u0103 \u021bara. \u00cen satul natal s-a ridicat un monument \u00een amintirea lui. Cei doi copii ai s\u0103i \u2013 Adrian, cu studii de drept \u0219i Dana \u2013 traduc\u0103tor autorizat \u00een limbile englez\u0103 \u0219i francez\u0103 \u2013 \u021bin vie memoria unui p\u0103rinte drag.<\/p>\n\n\n\n<p>Link-uri articole despre Ion Bunoaica:<\/p>\n\n\n\n<figure class=\"wp-block-embed is-type-wp-embed is-provider-tiri-din-bra-ov wp-block-embed-tiri-din-bra-ov\"><div class=\"wp-block-embed__wrapper\">\n<blockquote class=\"wp-embedded-content\" data-secret=\"ZADvTLmJpo\"><a href=\"https:\/\/brasovstiri.ro\/dezvelirea-bustului-gl-lt-dr-ion-bunoaica-in-curtea-jandarmeriei-brasov\/\">Dezvelirea bustului gl. lt. dr. Ion Bunoaica, \u00een curtea Jandarmeriei Bra\u0219ov<\/a><\/blockquote><iframe loading=\"lazy\" class=\"wp-embedded-content\" sandbox=\"allow-scripts\" security=\"restricted\" style=\"position: absolute; clip: rect(1px, 1px, 1px, 1px);\" title=\"&#8222;Dezvelirea bustului gl. lt. dr. Ion Bunoaica, \u00een curtea Jandarmeriei Bra\u0219ov&#8221; &#8212; \u0218tiri din Bra\u0219ov\" src=\"https:\/\/brasovstiri.ro\/dezvelirea-bustului-gl-lt-dr-ion-bunoaica-in-curtea-jandarmeriei-brasov\/embed\/#?secret=nQlKC2cU36#?secret=ZADvTLmJpo\" data-secret=\"ZADvTLmJpo\" width=\"600\" height=\"338\" frameborder=\"0\" marginwidth=\"0\" marginheight=\"0\" scrolling=\"no\"><\/iframe>\n<\/div><\/figure>\n\n\n\n<figure class=\"wp-block-embed\"><div class=\"wp-block-embed__wrapper\">\nhttps:\/\/www.mesageruldeteleorman.ro\/2024\/03\/25\/in-amintirea-unui-mare-comandant-ion-bunoaica\n<\/div><\/figure>\n\n\n\n<figure class=\"wp-block-embed\"><div class=\"wp-block-embed__wrapper\">\nhttps:\/\/www.mesageruldeteleorman.ro\/2022\/07\/22\/in-memoriam-general-ion-bunoaica\n<\/div><\/figure>\n\n\n\n<figure class=\"wp-block-embed is-type-wp-embed is-provider-informatia-de-teleorman wp-block-embed-informatia-de-teleorman\"><div class=\"wp-block-embed__wrapper\">\n<blockquote class=\"wp-embedded-content\" data-secret=\"EDCIhonvmj\"><a href=\"https:\/\/infotr.ro\/in-memoria-generalului-ion-bunoaica\/\">\u00cen memoria generalului Ion Bunoaica<\/a><\/blockquote><iframe loading=\"lazy\" class=\"wp-embedded-content\" sandbox=\"allow-scripts\" security=\"restricted\" style=\"position: absolute; clip: rect(1px, 1px, 1px, 1px);\" title=\"&#8222;\u00cen memoria generalului Ion Bunoaica&#8221; &#8212; Informatia de Teleorman\" src=\"https:\/\/infotr.ro\/in-memoria-generalului-ion-bunoaica\/embed\/#?secret=EznYpTPi8u#?secret=EDCIhonvmj\" data-secret=\"EDCIhonvmj\" width=\"600\" height=\"338\" frameborder=\"0\" marginwidth=\"0\" marginheight=\"0\" scrolling=\"no\"><\/iframe>\n<\/div><\/figure>\n\n\n\n<figure class=\"wp-block-embed\"><div class=\"wp-block-embed__wrapper\">\nhttps:\/\/www.amosnews.ro\/arhiva\/jandarmii-il-comemoreaza-azi-fostul-comandant-generalul-bunoaica-ion-01-09-2005\n<\/div><\/figure>\n\n\n\n<figure class=\"wp-block-embed\"><div class=\"wp-block-embed__wrapper\">\nhttps:\/\/ro.wikipedia.org\/wiki\/Ion_Bunoaica\n<\/div><\/figure>\n","protected":false},"excerpt":{"rendered":"<p>Interviu cu Dana Bunoaica, fiica lui Ion Bunoaica, comandantul Jandarmeriei Rom\u00e2ne \u00eentre anii 1990 \u2013 1995 \u2013 Cum \u021bi-l aminte\u0219ti pe tat\u0103l t\u0103u? Este o \u00eentrebare \u0219i o cerin\u021b\u0103 care m\u0103 emo\u021bioneaz\u0103. Sunt multe imagini pe care le am \u00een memorie cu tata, iar din acestea \u00eencerc s\u0103 sintetizez c\u00e2teva, care s\u0103 arate c\u00e2teva tr\u0103s\u0103turi [&hellip;]<\/p>\n","protected":false},"author":1,"featured_media":0,"comment_status":"open","ping_status":"open","sticky":false,"template":"","format":"standard","meta":{"footnotes":""},"categories":[1],"tags":[303,305,300,302,299,297,301,306,304],"class_list":["post-723","post","type-post","status-publish","format-standard","hentry","category-fara-categorie","tag-adrian-bunoaica","tag-brasov","tag-comandant","tag-dana-bunoaica","tag-general","tag-ion-bunoaica","tag-jandarmeria-romana","tag-teleorman","tag-timisoara"],"_links":{"self":[{"href":"https:\/\/dipse.ro\/maria\/wp-json\/wp\/v2\/posts\/723","targetHints":{"allow":["GET"]}}],"collection":[{"href":"https:\/\/dipse.ro\/maria\/wp-json\/wp\/v2\/posts"}],"about":[{"href":"https:\/\/dipse.ro\/maria\/wp-json\/wp\/v2\/types\/post"}],"author":[{"embeddable":true,"href":"https:\/\/dipse.ro\/maria\/wp-json\/wp\/v2\/users\/1"}],"replies":[{"embeddable":true,"href":"https:\/\/dipse.ro\/maria\/wp-json\/wp\/v2\/comments?post=723"}],"version-history":[{"count":3,"href":"https:\/\/dipse.ro\/maria\/wp-json\/wp\/v2\/posts\/723\/revisions"}],"predecessor-version":[{"id":729,"href":"https:\/\/dipse.ro\/maria\/wp-json\/wp\/v2\/posts\/723\/revisions\/729"}],"wp:attachment":[{"href":"https:\/\/dipse.ro\/maria\/wp-json\/wp\/v2\/media?parent=723"}],"wp:term":[{"taxonomy":"category","embeddable":true,"href":"https:\/\/dipse.ro\/maria\/wp-json\/wp\/v2\/categories?post=723"},{"taxonomy":"post_tag","embeddable":true,"href":"https:\/\/dipse.ro\/maria\/wp-json\/wp\/v2\/tags?post=723"}],"curies":[{"name":"wp","href":"https:\/\/api.w.org\/{rel}","templated":true}]}}