{"id":738,"date":"2025-01-10T18:59:34","date_gmt":"2025-01-10T16:59:34","guid":{"rendered":"https:\/\/dipse.ro\/maria\/?p=738"},"modified":"2025-01-10T18:59:35","modified_gmt":"2025-01-10T16:59:35","slug":"colindul-de-craciun-al-cercetasilor-2024","status":"publish","type":"post","link":"https:\/\/dipse.ro\/maria\/colindul-de-craciun-al-cercetasilor-2024\/","title":{"rendered":"Colindul de Cr\u0103ciun al Cerceta\u0219ilor \u2013 2024"},"content":{"rendered":"\n<p>De mai mul\u021bi ani, \u00een biserica greco-catolic\u0103 din Bucure\u0219ti (strada Sirenelor\/Acvila), cu hramul <em>Adormirea Maicii Domnului,<\/em> Cr\u0103ciunul era anun\u021bat prin colindele unor invita\u021bi c\u00e2nt\u0103re\u021bi aprecia\u021bi de noi.<\/p>\n\n\n\n<p>Cr\u0103ciunul din 2024 urma s\u0103 fie anun\u021bat de <strong>colindele <em>grupului de cerceta\u0219i<\/em><\/strong> ai bisericii greco-catolice din Bucure\u0219ti \u2013 un grup de vreo 35 de copii cu v\u00e2rste de \u0219coal\u0103 primar\u0103 \u0219i gimnazial\u0103, \u00eenso\u021bi\u021bi de c\u00e2\u021biva adul\u021bi. Primirea s-a f\u0103cut sub patronajul noului nostru P\u0103rinte <em>Cristian<\/em> <em>Dorin Ioanette<\/em> \u0219i al P\u0103rintelui nostru \u201eveteran\u201d \u2013 <em>Constantin Oltean<\/em>. Pentru presta\u021bia colind\u0103torilor, noi, enoria\u0219ii, aveam s\u0103-i r\u0103spl\u0103tim cu colecta de bani utili activit\u0103\u021bilor lor comune.<\/p>\n\n\n\n<figure class=\"wp-block-image size-large\"><a href=\"https:\/\/dipse.ro\/maria\/wp-content\/uploads\/2025\/01\/cor-cercetasi-colinde-1.jpg\"><img loading=\"lazy\" decoding=\"async\" width=\"1024\" height=\"558\" src=\"https:\/\/dipse.ro\/maria\/wp-content\/uploads\/2025\/01\/cor-cercetasi-colinde-1-1024x558.jpg\" alt=\"\" class=\"wp-image-740\" srcset=\"https:\/\/dipse.ro\/maria\/wp-content\/uploads\/2025\/01\/cor-cercetasi-colinde-1-1024x558.jpg 1024w, https:\/\/dipse.ro\/maria\/wp-content\/uploads\/2025\/01\/cor-cercetasi-colinde-1-300x163.jpg 300w, https:\/\/dipse.ro\/maria\/wp-content\/uploads\/2025\/01\/cor-cercetasi-colinde-1-768x418.jpg 768w, https:\/\/dipse.ro\/maria\/wp-content\/uploads\/2025\/01\/cor-cercetasi-colinde-1-1536x837.jpg 1536w, https:\/\/dipse.ro\/maria\/wp-content\/uploads\/2025\/01\/cor-cercetasi-colinde-1.jpg 1920w\" sizes=\"auto, (max-width: 1024px) 100vw, 1024px\" \/><\/a><\/figure>\n\n\n\n<p>Vestea vizitei mi-a declan\u0219at o amintire cu trei scene:<\/p>\n\n\n\n<ul class=\"wp-block-list\">\n<li>\u00een a\u0219teptarea darurilor lui Mo\u0219 Cr\u0103ciun, colindul din copil\u0103rie \u2013 \u00een familia mea \u00eel c\u00e2ntam astfel: mama \u2013 voce, tata \u2013 vioar\u0103, sora \u2013 vioar\u0103, un frate \u2013 mandolin\u0103, alt frate \u2013 chitar\u0103 \u0219i eu \u2013 tobe, pe laterala bufetului verde din buc\u0103t\u0103rie;<\/li>\n\n\n\n<li>\u00een Ajunul Cr\u0103ciunului, seara mai t\u00e2rziu, un grup organizat de b\u0103ie\u021bi \u2013 din care f\u0103ceau parte \u0219i cei doi fra\u021bi ai mei \u2013 colinda la rude, prieteni \u0219i cunoscu\u021bi, primind fiecare <em>o r\u0103splat\u0103 individual\u0103<\/em>;<\/li>\n\n\n\n<li>\u00een Maramure\u0219, succesul copiilor la colindat se c\u00e2nt\u0103rea dup\u0103 traist\u0103 \u2013 c\u00e2t de plin\u0103 era cu pr\u0103jituri \u0219i alte bun\u0103t\u0103\u021bi.<\/li>\n<\/ul>\n\n\n\n<p>Din noianul amintirilor mele, bucuria ie\u0219ea ca o lav\u0103 tot mai \u00eencins\u0103; un entuziasm care, \u00een fa\u021ba ideii c\u0103 vor veni cerceta\u0219ii \u2013 copii de diferite v\u00e2rste la colindat, se transforma \u00een <em>idei de ac\u021biune<\/em>. Trebuia s\u0103 definesc <strong>o ac\u021biune cu scop<\/strong> <strong>precis:<\/strong> pentru ace\u0219ti colind\u0103tori \u2013 o r\u0103splat\u0103 individual\u0103, dar \u0219i o \u201er\u0103splat\u0103\u201d susceptibil\u0103 s\u0103 hr\u0103neasc\u0103 interesul tuturor celor prezen\u021bi \u00een Biseric\u0103 \u2013 de la mic la mare. Mi-am propus ca <strong><em>r\u0103splata<\/em><\/strong> s\u0103 devin\u0103 o <strong>amintire de bucurie<\/strong> \u00een care <strong>aceast\u0103 biseric\u0103 <\/strong>s\u0103 ocupe un loc central.<\/p>\n\n\n\n<p>\u00cen presta\u021bia grupului de musafiri-colind\u0103tori, am apreciat:<\/p>\n\n\n\n<ul class=\"wp-block-list\">\n<li>regia dinamic\u0103 a corului prin care grupurile specializate pe anumite colinde ie\u0219eau s\u0103 c\u00e2nte, \u00een prim plan;<\/li>\n\n\n\n<li>acompaniamentul la chitar\u0103 care d\u0103dea \u0219i tonul;<\/li>\n\n\n\n<li>nu \u00een ultimul r\u00e2nd, pe cele dou\u0103 dirijoare \u2013 Sora Isihia, din a c\u0103rei superb\u0103 voce am prins doar o fr\u00e2ntur\u0103 \u2013 \u00een alternan\u021b\u0103 cu o alt\u0103 dirijoare, bun pedagog, care \u00eendruma copiii s\u0103-\u0219i exteriorizeze prin z\u00e2mbet, bucuria de a colinda;<\/li>\n\n\n\n<li>ineditul colindelor;<\/li>\n\n\n\n<li>claritatea vocilor grupului de fete;<\/li>\n\n\n\n<li>ritmicitatea refrenelor c\u00e2ntate de micii cerceta\u0219i;<\/li>\n\n\n\n<li>armonia creat\u0103 prin vocea a doua de cei c\u00e2\u021biva adul\u021bi \u00eenso\u021bitori.<\/li>\n<\/ul>\n\n\n\n<p>Aceste momente ne-au adus o recompens\u0103 peste a\u0219tept\u0103ri:<strong> mult\u0103<\/strong> <strong>bucurie.<\/strong><br>\u00cen plus, pl\u0103cerea de a auzi \u00een biserica noastr\u0103 glasuri care se armonizau, muzica f\u0103c\u00e2ndu-ne pe to\u021bi, mai buni.<\/p>\n\n\n\n<p>Urma \u201es\u0103 intru \u00een scen\u0103\u201d cu darurile pe care le-am preg\u0103tit pentru ace\u0219ti colind\u0103tori; avusesem de calibrat posibilit\u0103\u021bile mele materiale \u0219i pove\u0219tile (adev\u0103rate din arhiva vie\u021bii mele tr\u0103it\u0103 al\u0103turi de pictorul Constantin Dip\u0219e), \u00een primul r\u00e2nd, cu num\u0103rul \u0219i v\u00e2rsta colind\u0103torilor \u0219i nu \u00een ultimul r\u00e2nd, al tuturor celor prezen\u021bi. Dup\u0103 o relatare scurt\u0103 a vie\u021bii dureroase a bisericii noastre \u2013 \u00een trecut ferecat\u0103 cu lan\u021buri groase \u0219i ruginite \u2013 relatare preluat\u0103 din plimb\u0103rile familiei prin acest cartier, am ghidat privirile celor prezen\u021bi spre \u00eenaltul bisericii, spre fresca ce \u00eenf\u0103\u021bi\u0219eaz\u0103 <strong><em>p\u0103storii \u00eenve\u0219m\u00e2nta\u021bi \u00een gube \u021b\u0103r\u0103ne\u0219ti<\/em><\/strong><em>,<\/em> \u00eengenunchind \u00een fa\u021ba Fecioarei cu Pruncul Isus. Privitorii au aflat c\u0103 aceast\u0103 lucrare monumental\u0103 din anii 1940 poart\u0103 amprenta pictorului Constantin Dip\u0219e \u0219i a maestrului Bil\u021biu-D\u0103ncu\u0219.<\/p>\n\n\n\n<figure class=\"wp-block-image size-large\"><a href=\"https:\/\/dipse.ro\/maria\/wp-content\/uploads\/2025\/01\/fresca-cu-pastorii.jpg\"><img loading=\"lazy\" decoding=\"async\" width=\"1024\" height=\"617\" src=\"https:\/\/dipse.ro\/maria\/wp-content\/uploads\/2025\/01\/fresca-cu-pastorii-1024x617.jpg\" alt=\"\" class=\"wp-image-741\" srcset=\"https:\/\/dipse.ro\/maria\/wp-content\/uploads\/2025\/01\/fresca-cu-pastorii-1024x617.jpg 1024w, https:\/\/dipse.ro\/maria\/wp-content\/uploads\/2025\/01\/fresca-cu-pastorii-300x181.jpg 300w, https:\/\/dipse.ro\/maria\/wp-content\/uploads\/2025\/01\/fresca-cu-pastorii-768x462.jpg 768w, https:\/\/dipse.ro\/maria\/wp-content\/uploads\/2025\/01\/fresca-cu-pastorii-1536x925.jpg 1536w, https:\/\/dipse.ro\/maria\/wp-content\/uploads\/2025\/01\/fresca-cu-pastorii.jpg 1742w\" sizes=\"auto, (max-width: 1024px) 100vw, 1024px\" \/><\/a><\/figure>\n\n\n\n<p>Apoi, fiecare colind\u0103tor a primit c\u00e2te o ilustrat\u0103 cu magnet dup\u0103 pictura <strong><em>Marta \u0219i Omul de z\u0103pad\u0103<\/em><\/strong> sau dup\u0103 pictura <strong><em>Colind\u0103torii<\/em><\/strong> realizate de Constantin Dip\u0219e.<\/p>\n\n\n<div class=\"wp-block-image\">\n<figure class=\"aligncenter size-full\"><a href=\"https:\/\/dipse.ro\/maria\/wp-content\/uploads\/2025\/01\/om-de-zapada-si-colindatori.jpg\"><img loading=\"lazy\" decoding=\"async\" width=\"645\" height=\"455\" src=\"https:\/\/dipse.ro\/maria\/wp-content\/uploads\/2025\/01\/om-de-zapada-si-colindatori.jpg\" alt=\"\" class=\"wp-image-745\" srcset=\"https:\/\/dipse.ro\/maria\/wp-content\/uploads\/2025\/01\/om-de-zapada-si-colindatori.jpg 645w, https:\/\/dipse.ro\/maria\/wp-content\/uploads\/2025\/01\/om-de-zapada-si-colindatori-300x212.jpg 300w\" sizes=\"auto, (max-width: 645px) 100vw, 645px\" \/><\/a><\/figure><\/div>\n\n\n<p class=\"has-text-align-center\">Darul acesta a fost \u00eenso\u021bit de <em>globule\u021be colorate de ciocolat\u0103.<\/em><\/p>\n\n\n\n<p>Pentru consolidarea amintirii am lansat propunerea ca cerceta\u0219ii doritori s\u0103 n\u0103scoceasc\u0103 <em>o poveste<\/em> care s\u0103 ilustreze fiecare dintre cele dou\u0103 imagini tablouri, cu promisiunea c\u0103 fragmente sau \u00een \u00eentregime, acestea vor fi publicate pe site-ul &nbsp;<a href=\"http:\/\/www.dipse.ro\">www.dipse.ro<\/a> la sec\u021biunea <em>Maria Dip\u0219e<\/em>.<\/p>\n\n\n\n<p><\/p>\n","protected":false},"excerpt":{"rendered":"<p>De mai mul\u021bi ani, \u00een biserica greco-catolic\u0103 din Bucure\u0219ti (strada Sirenelor\/Acvila), cu hramul Adormirea Maicii Domnului, Cr\u0103ciunul era anun\u021bat prin colindele unor invita\u021bi c\u00e2nt\u0103re\u021bi aprecia\u021bi de noi. Cr\u0103ciunul din 2024 urma s\u0103 fie anun\u021bat de colindele grupului de cerceta\u0219i ai bisericii greco-catolice din Bucure\u0219ti \u2013 un grup de vreo 35 de copii cu v\u00e2rste de [&hellip;]<\/p>\n","protected":false},"author":1,"featured_media":0,"comment_status":"open","ping_status":"open","sticky":false,"template":"","format":"standard","meta":{"footnotes":""},"categories":[307],"tags":[324,320,318,19,314,272,240,273,323,325,321],"class_list":["post-738","post","type-post","status-publish","format-standard","hentry","category-307","tag-324","tag-adormirea-maicii-domnului","tag-biserica-greco-catolica","tag-bucuresti","tag-cercetasi","tag-colind","tag-constantin-dipse-2","tag-craciun","tag-ilustrate","tag-marta-si-omul-de-zapada","tag-pictura"],"_links":{"self":[{"href":"https:\/\/dipse.ro\/maria\/wp-json\/wp\/v2\/posts\/738","targetHints":{"allow":["GET"]}}],"collection":[{"href":"https:\/\/dipse.ro\/maria\/wp-json\/wp\/v2\/posts"}],"about":[{"href":"https:\/\/dipse.ro\/maria\/wp-json\/wp\/v2\/types\/post"}],"author":[{"embeddable":true,"href":"https:\/\/dipse.ro\/maria\/wp-json\/wp\/v2\/users\/1"}],"replies":[{"embeddable":true,"href":"https:\/\/dipse.ro\/maria\/wp-json\/wp\/v2\/comments?post=738"}],"version-history":[{"count":2,"href":"https:\/\/dipse.ro\/maria\/wp-json\/wp\/v2\/posts\/738\/revisions"}],"predecessor-version":[{"id":747,"href":"https:\/\/dipse.ro\/maria\/wp-json\/wp\/v2\/posts\/738\/revisions\/747"}],"wp:attachment":[{"href":"https:\/\/dipse.ro\/maria\/wp-json\/wp\/v2\/media?parent=738"}],"wp:term":[{"taxonomy":"category","embeddable":true,"href":"https:\/\/dipse.ro\/maria\/wp-json\/wp\/v2\/categories?post=738"},{"taxonomy":"post_tag","embeddable":true,"href":"https:\/\/dipse.ro\/maria\/wp-json\/wp\/v2\/tags?post=738"}],"curies":[{"name":"wp","href":"https:\/\/api.w.org\/{rel}","templated":true}]}}