{"id":748,"date":"2025-01-15T19:03:29","date_gmt":"2025-01-15T17:03:29","guid":{"rendered":"https:\/\/dipse.ro\/maria\/?p=748"},"modified":"2025-01-15T19:59:05","modified_gmt":"2025-01-15T17:59:05","slug":"momente-din-gradina-cismigiu-i","status":"publish","type":"post","link":"https:\/\/dipse.ro\/maria\/momente-din-gradina-cismigiu-i\/","title":{"rendered":"Momente din Gr\u0103dina Ci\u0219migiu (I)"},"content":{"rendered":"\n<p>Zilele acestea, c\u00e2nd vremea era prietenoas\u0103 cu toate v\u00e2rstele, am ie\u0219it \u00een Gr\u0103dina Ci\u0219migiu \u0219i am urcat la Movila cu trei b\u0103nci.<\/p>\n\n\n\n<p>Pe una dintre b\u0103nci \u0219edeau doi copii: un b\u0103ie\u021bel cam de clasa a IV-a \u0219i o feti\u021b\u0103 cam de clasa a VI-a, fiecare ron\u021b\u0103ind la c\u00e2te un porumb fiert. \u00cen spa\u021biul din fa\u021ba lor, cam de 2m x 2,5 m, solul era \u201epres\u0103rat\u201d cu pachete goale \u0219i mucuri de \u021bigar\u0103 \u0219i cu resturi de napolitane. Aceasta era priveli\u0219tea pe care cei doi copii o aveau sub ochi. <em>P\u0103cat<\/em>, mi-am zis \u00een sinea mea, aer de Ci\u0219migiu contrazis de un petic de peisaj decupat\u00a0dintr-o mahala abandonat\u0103. Eram contrariat\u0103 \u0219i, instinctiv \u00eemi c\u0103utam un sus\u021bin\u0103tor al acestui sentiment.<\/p>\n\n\n\n<p>Am salutat copiii \u0219i, \u00eenainte s\u0103 m\u0103 a\u0219ez pe banca al\u0103turat\u0103, le-am cerut permisiunea s\u0103 le adresez o \u00eentrebare privind locul acela: <em>Ce crede\u021bi c\u0103 lipse\u0219te de aici?<\/em> am zis eu \u00een grab\u0103, a\u0219tept\u00e2nd r\u0103spunsul unic, gata formulat \u00een mintea mea \u2013 cel pe care \u00eel a\u0219teptam: \u201e<em>co\u0219ul de gunoi\u201d<\/em>. Doar c\u0103, b\u0103ie\u021belul a r\u0103spuns altfel de cum m\u0103 a\u0219teptam, surprinz\u00e2ndu-m\u0103: <em>cur\u0103\u021benia<\/em>, zise el. Nu puteam l\u0103sa garda jos \u0219i am continuat: <em>Dar, ca s\u0103 fie cur\u0103\u021benie, ce lipse\u0219te? Ce ar mai trebui s\u0103 fie? <\/em>Acela\u0219i b\u0103ie\u021bel a r\u0103spuns: <em>Co\u0219ul de gunoi. Exact, <\/em>am continuat eu<em>. Se pare c\u0103 atunci c\u00e2nd termina\u021bi de ron\u021b\u0103it porumbul, va trebui s\u0103 lua\u021bi cocenii cu voi, pentru c\u0103 nu ave\u021bi unde s\u0103-i arunca\u021bi&nbsp;!<\/em><\/p>\n\n\n\n<p>Pentru vigilen\u021ba r\u0103spunsurilor, am felicitat b\u0103ie\u021belul \u0219i, evalu\u00e2nd c\u0103 am \u00een fa\u021b\u0103 un bun observator<em>, <\/em><strong>dar \u2013 \u0219i un poten\u021bial om de ac\u021biune \u00een viitor<\/strong>, l-am \u00eendemnat s\u0103 scrie o scrisoare c\u0103tre Prim\u0103rie, \u00een care s\u0103 descrie locul \u0219i s\u0103 cear\u0103 s\u0103 se pun\u0103 co\u0219uri de gunoi \u00een acel loc. B\u0103ie\u021belul a fost surprins de propunerea mea, dar nu a dat semne c\u0103 ar respinge ideea.<\/p>\n\n\n\n<p>\u00centre timp, pe a treia banc\u0103, liber\u0103, s-au a\u0219ezat\u00a0dou\u0103 doamne care au auzit ultima parte a conversa\u021biei. <em>Degeaba<\/em>, zise una dintre ele, referindu-se la ideea de \u201ea face ceva\u201d; <em>eu am f\u0103cut demersuri repetate c\u0103tre Prim\u0103ria sectorului 5 (din Bucure\u0219ti) ca s\u0103 taie un nuc uscat, periculos pentru trec\u0103tori, dar nu s-a rezolvat nimic<\/em>.<\/p>\n\n\n\n<p>Descoperind c\u0103 doamna dezam\u0103git\u0103 era chiar mama b\u0103ie\u021belului, m-am scuzat pentru deschiderea conversa\u021biei cu copiii, dar nu mi-am abandonat ideea c\u0103 este necesar s\u0103 semnal\u0103m \u0219i chiar s\u0103 ac\u021bion\u0103m atunci c\u00e2nd lucrurile nu merg bine.<\/p>\n\n\n\n<p>Fiind \u201epe terenul meu\u201d, al pedagogiei, dar \u0219i din experien\u021b\u0103, i-am spus discret doamnei c\u0103 <strong>invocarea cu accent ap\u0103sat a e\u0219ecurilor noastre \u00een fa\u021ba copiilor sau a tinerilor, le va inhiba elanul de ac\u021biune \u00een urma unui insucces, indiferent de natura, dimensiunea ori sursa lui; \u0219i atunci, ei se vor da b\u0103tu\u021bi, \u00eenainte s\u0103 se angajeze \u00eentr-o b\u0103t\u0103lie.<\/strong> Ori noi, adul\u021bii, dorim ca <strong>ei s\u0103 nu se sperie nici de greut\u0103\u021bi, nici de obstacole ci, tr\u0103g\u00e2nd \u00eenv\u0103\u021b\u0103minte din astfel de b\u0103t\u0103lii pierdute, s\u0103-\u0219i nuan\u021beze pentru viitor strategia de ac\u021biune, s\u0103 o programeze \u00een pa\u0219i mici \u0219i s\u0103 r\u0103m\u00e2n\u0103 perseveren\u021bi.<\/strong><\/p>\n\n\n\n<p>\u00cen preajma mamei \u2013 pe bun\u0103 dreptate nemul\u021bumit\u0103 de anomaliile din administra\u021bia public\u0103 \u2013 b\u0103ie\u021belul din aceast\u0103 \u00eent\u00e2mplare \u2013 ferment latent ce d\u0103 speran\u021b\u0103 de mai bine \u2013 s-ar putea decide s\u0103 scrie scrisoarea c\u0103tre Prim\u0103rie.<\/p>\n\n\n\n<p>P.S. Azi, 15 ianuarie, b\u0103ncile erau smulse de la locul lor.<\/p>\n\n\n\n<figure class=\"wp-block-image size-large\"><a href=\"https:\/\/dipse.ro\/maria\/wp-content\/uploads\/2025\/01\/Movila-Cismigiu.jpg\"><img loading=\"lazy\" decoding=\"async\" width=\"724\" height=\"1024\" src=\"https:\/\/dipse.ro\/maria\/wp-content\/uploads\/2025\/01\/Movila-Cismigiu-724x1024.jpg\" alt=\"\" class=\"wp-image-749\" srcset=\"https:\/\/dipse.ro\/maria\/wp-content\/uploads\/2025\/01\/Movila-Cismigiu-724x1024.jpg 724w, https:\/\/dipse.ro\/maria\/wp-content\/uploads\/2025\/01\/Movila-Cismigiu-212x300.jpg 212w, https:\/\/dipse.ro\/maria\/wp-content\/uploads\/2025\/01\/Movila-Cismigiu-768x1086.jpg 768w, https:\/\/dipse.ro\/maria\/wp-content\/uploads\/2025\/01\/Movila-Cismigiu-1086x1536.jpg 1086w, https:\/\/dipse.ro\/maria\/wp-content\/uploads\/2025\/01\/Movila-Cismigiu.jpg 1448w\" sizes=\"auto, (max-width: 724px) 100vw, 724px\" \/><\/a><\/figure>\n","protected":false},"excerpt":{"rendered":"<p>Zilele acestea, c\u00e2nd vremea era prietenoas\u0103 cu toate v\u00e2rstele, am ie\u0219it \u00een Gr\u0103dina Ci\u0219migiu \u0219i am urcat la Movila cu trei b\u0103nci. Pe una dintre b\u0103nci \u0219edeau doi copii: un b\u0103ie\u021bel cam de clasa a IV-a \u0219i o feti\u021b\u0103 cam de clasa a VI-a, fiecare ron\u021b\u0103ind la c\u00e2te un porumb fiert. \u00cen spa\u021biul din fa\u021ba [&hellip;]<\/p>\n","protected":false},"author":1,"featured_media":0,"comment_status":"open","ping_status":"open","sticky":false,"template":"","format":"standard","meta":{"footnotes":""},"categories":[326,1],"tags":[331,332,329,327,333,330],"class_list":["post-748","post","type-post","status-publish","format-standard","hentry","category-326","category-fara-categorie","tag-actiune","tag-curatenie","tag-exemplu","tag-gradina-cismigiu","tag-primarie","tag-speranta"],"_links":{"self":[{"href":"https:\/\/dipse.ro\/maria\/wp-json\/wp\/v2\/posts\/748","targetHints":{"allow":["GET"]}}],"collection":[{"href":"https:\/\/dipse.ro\/maria\/wp-json\/wp\/v2\/posts"}],"about":[{"href":"https:\/\/dipse.ro\/maria\/wp-json\/wp\/v2\/types\/post"}],"author":[{"embeddable":true,"href":"https:\/\/dipse.ro\/maria\/wp-json\/wp\/v2\/users\/1"}],"replies":[{"embeddable":true,"href":"https:\/\/dipse.ro\/maria\/wp-json\/wp\/v2\/comments?post=748"}],"version-history":[{"count":8,"href":"https:\/\/dipse.ro\/maria\/wp-json\/wp\/v2\/posts\/748\/revisions"}],"predecessor-version":[{"id":757,"href":"https:\/\/dipse.ro\/maria\/wp-json\/wp\/v2\/posts\/748\/revisions\/757"}],"wp:attachment":[{"href":"https:\/\/dipse.ro\/maria\/wp-json\/wp\/v2\/media?parent=748"}],"wp:term":[{"taxonomy":"category","embeddable":true,"href":"https:\/\/dipse.ro\/maria\/wp-json\/wp\/v2\/categories?post=748"},{"taxonomy":"post_tag","embeddable":true,"href":"https:\/\/dipse.ro\/maria\/wp-json\/wp\/v2\/tags?post=748"}],"curies":[{"name":"wp","href":"https:\/\/api.w.org\/{rel}","templated":true}]}}