{"id":758,"date":"2025-01-16T18:49:07","date_gmt":"2025-01-16T16:49:07","guid":{"rendered":"https:\/\/dipse.ro\/maria\/?p=758"},"modified":"2025-01-16T18:49:08","modified_gmt":"2025-01-16T16:49:08","slug":"in-dialog-cu-micii-cercetasi-colindatori-i","status":"publish","type":"post","link":"https:\/\/dipse.ro\/maria\/in-dialog-cu-micii-cercetasi-colindatori-i\/","title":{"rendered":"\u00cen dialog cu micii cerceta\u0219i colind\u0103tori (I)"},"content":{"rendered":"\n<h2 class=\"wp-block-heading has-text-align-center\"><strong>\u2013 azi, cu Filip Georgescu, 8 ani, clasa a II-a \u2013<\/strong><\/h2>\n\n\n\n<p><strong><em>Drag\u0103 Filip,<\/em><\/strong><\/p>\n\n\n\n<p>Ai fost primul care mi-a trimis o poveste dup\u0103 ilustrata picturii <em>Colind\u0103tori din Maramure\u0219<\/em> a lui Constantin Dip\u0219e. \u00ce\u021bi mul\u021bumesc c\u0103 ai fost punctual, chiar dac\u0103 la asta te-a \u00eendemnat \u0219i mama ta pe care o felicit pentru grij\u0103.<\/p>\n\n\n\n<p>Este firesc \u0219i m\u0103 bucur\u0103 c\u0103 la ai t\u0103i 8 ani ai scris povestea pe file de caiet. V\u0103d c\u0103 te str\u0103duie\u0219ti s\u0103 scrii c\u00e2t mai frumos \u0219i c\u00e2t mai corect, a\u0219a c\u0103 te rog s\u0103 nu \u00eencetezi s\u0103 faci progrese.<\/p>\n\n\n\n<p>Este important c\u0103 spui cu cuvintele tale c\u00e2t de frumoas\u0103 este priveli\u0219tea din sat \u00een Ajunul Cr\u0103ciunului \u0219i c\u00e2t de bucuro\u0219i sunt copiii care merg la colindat. C\u00e2nd vorbe\u0219ti de sufletul cald al colind\u0103torilor din tablou, \u00eembr\u0103ca\u021bi \u00een haine groase, mi-am imaginat c\u0103 te v\u0103d \u0219i pe tine printre ei.<\/p>\n\n\n\n<p>Este foarte bine c\u0103 ai scris \u00een povestea ta c\u0103 s\u0103rb\u0103toarea Cr\u0103ciunului \u00eenseamn\u0103 s\u0103rb\u0103toarea Na\u0219terii Domnului nostru Iisus Hristos. Sunt sigur\u0103 c\u0103 pentru Cr\u0103ciunul care va veni, vei \u00eenv\u0103\u021ba multe alte colinde, pe l\u00e2ng\u0103 colindul <em>Leru-i Ler<\/em>.<\/p>\n\n\n\n<p>Dac\u0103 vrei s\u0103 mai scrii vreo poveste, \u00ee\u021bi voi mai da \u0219i alte ilustrate dup\u0103 picturile lui Constantin Dip\u0219e.<\/p>\n\n\n\n<p>\u00ce\u021bi urez s\u0103 ai succes la \u0219coal\u0103 \u0219i mul\u021bi prieteni cu care s\u0103 te joci.&nbsp;<\/p>\n\n\n\n<p><em>Maria Dip\u0219e<\/em><\/p>\n\n\n<div class=\"wp-block-image\">\n<figure class=\"aligncenter size-large\"><a href=\"https:\/\/dipse.ro\/maria\/wp-content\/uploads\/2025\/01\/Scrisoare-Filip-asamblata.jpg\"><img loading=\"lazy\" decoding=\"async\" width=\"1024\" height=\"755\" src=\"https:\/\/dipse.ro\/maria\/wp-content\/uploads\/2025\/01\/Scrisoare-Filip-asamblata-1024x755.jpg\" alt=\"\" class=\"wp-image-761\" srcset=\"https:\/\/dipse.ro\/maria\/wp-content\/uploads\/2025\/01\/Scrisoare-Filip-asamblata-1024x755.jpg 1024w, https:\/\/dipse.ro\/maria\/wp-content\/uploads\/2025\/01\/Scrisoare-Filip-asamblata-300x221.jpg 300w, https:\/\/dipse.ro\/maria\/wp-content\/uploads\/2025\/01\/Scrisoare-Filip-asamblata-768x567.jpg 768w, https:\/\/dipse.ro\/maria\/wp-content\/uploads\/2025\/01\/Scrisoare-Filip-asamblata.jpg 1079w\" sizes=\"auto, (max-width: 1024px) 100vw, 1024px\" \/><\/a><\/figure><\/div>","protected":false},"excerpt":{"rendered":"<p>\u2013 azi, cu Filip Georgescu, 8 ani, clasa a II-a \u2013 Drag\u0103 Filip, Ai fost primul care mi-a trimis o poveste dup\u0103 ilustrata picturii Colind\u0103tori din Maramure\u0219 a lui Constantin Dip\u0219e. \u00ce\u021bi mul\u021bumesc c\u0103 ai fost punctual, chiar dac\u0103 la asta te-a \u00eendemnat \u0219i mama ta pe care o felicit pentru grij\u0103. Este firesc \u0219i [&hellip;]<\/p>\n","protected":false},"author":1,"featured_media":0,"comment_status":"open","ping_status":"open","sticky":false,"template":"","format":"standard","meta":{"footnotes":""},"categories":[307,326,1],"tags":[337,335,226,338,334,336,227],"class_list":["post-758","post","type-post","status-publish","format-standard","hentry","category-307","category-326","category-fara-categorie","tag-cercetasi-2","tag-colindatori","tag-constantin-dipse","tag-craciun-2024","tag-filip-georgescu","tag-ilustrata","tag-maria-dipse"],"_links":{"self":[{"href":"https:\/\/dipse.ro\/maria\/wp-json\/wp\/v2\/posts\/758","targetHints":{"allow":["GET"]}}],"collection":[{"href":"https:\/\/dipse.ro\/maria\/wp-json\/wp\/v2\/posts"}],"about":[{"href":"https:\/\/dipse.ro\/maria\/wp-json\/wp\/v2\/types\/post"}],"author":[{"embeddable":true,"href":"https:\/\/dipse.ro\/maria\/wp-json\/wp\/v2\/users\/1"}],"replies":[{"embeddable":true,"href":"https:\/\/dipse.ro\/maria\/wp-json\/wp\/v2\/comments?post=758"}],"version-history":[{"count":2,"href":"https:\/\/dipse.ro\/maria\/wp-json\/wp\/v2\/posts\/758\/revisions"}],"predecessor-version":[{"id":762,"href":"https:\/\/dipse.ro\/maria\/wp-json\/wp\/v2\/posts\/758\/revisions\/762"}],"wp:attachment":[{"href":"https:\/\/dipse.ro\/maria\/wp-json\/wp\/v2\/media?parent=758"}],"wp:term":[{"taxonomy":"category","embeddable":true,"href":"https:\/\/dipse.ro\/maria\/wp-json\/wp\/v2\/categories?post=758"},{"taxonomy":"post_tag","embeddable":true,"href":"https:\/\/dipse.ro\/maria\/wp-json\/wp\/v2\/tags?post=758"}],"curies":[{"name":"wp","href":"https:\/\/api.w.org\/{rel}","templated":true}]}}