{"id":764,"date":"2025-01-19T17:44:42","date_gmt":"2025-01-19T15:44:42","guid":{"rendered":"https:\/\/dipse.ro\/maria\/?p=764"},"modified":"2025-01-19T17:45:19","modified_gmt":"2025-01-19T15:45:19","slug":"intamplari-din-gradina-cismigiu-ii","status":"publish","type":"post","link":"https:\/\/dipse.ro\/maria\/intamplari-din-gradina-cismigiu-ii\/","title":{"rendered":"\u00cent\u00e2mpl\u0103ri din Gr\u0103dina Ci\u0219migiu (II)"},"content":{"rendered":"\n<p>Ziua continua s\u0103 fie \u00eensorit\u0103 \u0219i eu am z\u0103bovit pe aceea\u0219i <em>Movil\u0103<\/em>, de la \u00een\u0103l\u021bimea c\u0103reia parc\u0103 te \u00eenfr\u0103\u021beai cu siluete zvelte de copaci gri-verzui, dezgoli\u021bi de frunze, cu \u00eentreaga lor arhitectur\u0103 la vedere. Erau diferi\u021bi, precum oamenii dar, \u00een acela\u0219i timp, asem\u0103n\u0103tori \u00een ceea ce este mai \u00eensemnat: aspira\u021bia c\u0103tre <em>lumin\u0103<\/em>, pe care fiecare dintre noi \u0219i-o dore\u0219te \u0219i o pl\u0103smuie\u0219te cu mintea \u0219i sufletul, \u00een felul s\u0103u.<\/p>\n\n\n\n<p>Tocmai a urcat pe colin\u0103, destul de \u00een grab\u0103, o familie cu 2 copii m\u0103ri\u0219ori, cam de gimnaziu: tat\u0103l conducea \u0219irul, iar mama venea \u00een urm\u0103. I-am auzit pe copii \u00eentreb\u00e2ndu-l pe tat\u0103l lor: <em>Ce trebuie s\u0103 vedem? Nimic&nbsp;! a r\u0103spuns tat\u0103l, nu-i de v\u0103zut nimic! <\/em>\u0218i a gr\u0103bit pasul spre versantul cobor\u00e2tor al colinei. Mama, care n-a scos nici o vorb\u0103, s-a uitat roat\u0103, parc\u0103 n\u0103uc\u0103 \u0219i apoi, p\u0103r\u00e2nd c\u0103 se teme s\u0103 nu fie certat\u0103 pentru c\u0103 a z\u0103bovit c\u00e2teva secunde mai mult pe colin\u0103, i-a urmat.<\/p>\n\n\n\n<p>Am analizat scena dup\u0103 ce au disp\u0103rut din peisaj: &nbsp;dac\u0103 ar fi fost presa\u021bi de program, nu ar fi accesat colina, ci ar fi mers spre destina\u021bia lor urgent\u0103, pe un drum mai drept \u2013 mi-am spus eu; &nbsp;dac\u0103 era o competi\u021bie la urcat, ar fi trebuit \u2013 dup\u0103 p\u0103rerea mea \u2013 s\u0103 fac\u0103 un bilan\u021b \u00eemp\u0103nat cu sentimente de bucurie ori m\u00e2hnire; \u00een cel mai simplu caz putea fi o escaladare a <em>Movilei<\/em> cu scopul de a privi de la \u00een\u0103l\u021bime peisajul din jur. Doar c\u0103 nu a fost nimic din toate astea.<\/p>\n\n\n\n<p>\u00cen sinea mea eram nemul\u021bumit\u0103 c\u0103 acei p\u0103rin\u021bi au ignorat varianta ultim\u0103, cea mai simpl\u0103 dar cu cel mai mare folos copiilor: s\u0103 vad\u0103 priveli\u0219tea din jur, siluetele copacilor, structura lor perceptibil\u0103 doar acum, c\u00e2nd <strong><em>frunzele copacilor lipsesc<\/em><\/strong>, c\u00e2nd soarele \u00eenv\u0103luie nestingherit fiecare crengu\u021b\u0103.<\/p>\n\n\n\n<p>Replica tat\u0103lui:<em> Nu e de nimic de v\u0103zut&nbsp;!<\/em> \u0219terge tot ce exist\u0103 viu \u00een jurul nostru sau ce putem \u00eenvia prin imagina\u021bia noastr\u0103.<\/p>\n\n\n\n<p>Ba da, stimate p\u0103rinte gr\u0103bit\u00a0! Totul a\u0219teapt\u0103 s\u0103 fie v\u0103zut! Prin alegerea noastr\u0103, le accept\u0103m sau le respingem.<\/p>\n\n\n\n<p>Iar acum, c\u00e2nd mintea fraged\u0103 \u0219i supl\u0103 a copiilor este dornic\u0103 s\u0103 absoarb\u0103 tot, <em>exersat\u0103 <\/em>\u00een\u021belept \u0219i f\u0103r\u0103 grab\u0103, \u00een aceste plimb\u0103ri, va g\u0103si \u00een orice loc, frumuse\u021be \u0219i bucurie pentru copil\u0103ria lor.<\/p>\n\n\n\n<figure class=\"wp-block-image size-large\"><a href=\"https:\/\/dipse.ro\/maria\/wp-content\/uploads\/2025\/01\/platani-cismigiu-mic.jpg\"><img loading=\"lazy\" decoding=\"async\" width=\"771\" height=\"1024\" src=\"https:\/\/dipse.ro\/maria\/wp-content\/uploads\/2025\/01\/platani-cismigiu-mic-771x1024.jpg\" alt=\"\" class=\"wp-image-765\" srcset=\"https:\/\/dipse.ro\/maria\/wp-content\/uploads\/2025\/01\/platani-cismigiu-mic-771x1024.jpg 771w, https:\/\/dipse.ro\/maria\/wp-content\/uploads\/2025\/01\/platani-cismigiu-mic-226x300.jpg 226w, https:\/\/dipse.ro\/maria\/wp-content\/uploads\/2025\/01\/platani-cismigiu-mic-768x1019.jpg 768w, https:\/\/dipse.ro\/maria\/wp-content\/uploads\/2025\/01\/platani-cismigiu-mic.jpg 904w\" sizes=\"auto, (max-width: 771px) 100vw, 771px\" \/><\/a><\/figure>\n","protected":false},"excerpt":{"rendered":"<p>Ziua continua s\u0103 fie \u00eensorit\u0103 \u0219i eu am z\u0103bovit pe aceea\u0219i Movil\u0103, de la \u00een\u0103l\u021bimea c\u0103reia parc\u0103 te \u00eenfr\u0103\u021beai cu siluete zvelte de copaci gri-verzui, dezgoli\u021bi de frunze, cu \u00eentreaga lor arhitectur\u0103 la vedere. Erau diferi\u021bi, precum oamenii dar, \u00een acela\u0219i timp, asem\u0103n\u0103tori \u00een ceea ce este mai \u00eensemnat: aspira\u021bia c\u0103tre lumin\u0103, pe care fiecare [&hellip;]<\/p>\n","protected":false},"author":1,"featured_media":0,"comment_status":"open","ping_status":"open","sticky":false,"template":"","format":"standard","meta":{"footnotes":""},"categories":[326,1],"tags":[341,163,327,343,342,339],"class_list":["post-764","post","type-post","status-publish","format-standard","hentry","category-326","category-fara-categorie","tag-educatie","tag-familie","tag-gradina-cismigiu","tag-ignoranta","tag-indiferenta","tag-movila"],"_links":{"self":[{"href":"https:\/\/dipse.ro\/maria\/wp-json\/wp\/v2\/posts\/764","targetHints":{"allow":["GET"]}}],"collection":[{"href":"https:\/\/dipse.ro\/maria\/wp-json\/wp\/v2\/posts"}],"about":[{"href":"https:\/\/dipse.ro\/maria\/wp-json\/wp\/v2\/types\/post"}],"author":[{"embeddable":true,"href":"https:\/\/dipse.ro\/maria\/wp-json\/wp\/v2\/users\/1"}],"replies":[{"embeddable":true,"href":"https:\/\/dipse.ro\/maria\/wp-json\/wp\/v2\/comments?post=764"}],"version-history":[{"count":2,"href":"https:\/\/dipse.ro\/maria\/wp-json\/wp\/v2\/posts\/764\/revisions"}],"predecessor-version":[{"id":767,"href":"https:\/\/dipse.ro\/maria\/wp-json\/wp\/v2\/posts\/764\/revisions\/767"}],"wp:attachment":[{"href":"https:\/\/dipse.ro\/maria\/wp-json\/wp\/v2\/media?parent=764"}],"wp:term":[{"taxonomy":"category","embeddable":true,"href":"https:\/\/dipse.ro\/maria\/wp-json\/wp\/v2\/categories?post=764"},{"taxonomy":"post_tag","embeddable":true,"href":"https:\/\/dipse.ro\/maria\/wp-json\/wp\/v2\/tags?post=764"}],"curies":[{"name":"wp","href":"https:\/\/api.w.org\/{rel}","templated":true}]}}