{"id":768,"date":"2025-01-19T17:50:02","date_gmt":"2025-01-19T15:50:02","guid":{"rendered":"https:\/\/dipse.ro\/maria\/?p=768"},"modified":"2025-01-19T17:51:54","modified_gmt":"2025-01-19T15:51:54","slug":"in-dialog-cu-micii-cercetasi-colindatori-ii","status":"publish","type":"post","link":"https:\/\/dipse.ro\/maria\/in-dialog-cu-micii-cercetasi-colindatori-ii\/","title":{"rendered":"\u00cen dialog cu micii cerceta\u0219i colind\u0103tori (II)"},"content":{"rendered":"\n<h2 class=\"wp-block-heading\">\u2013 Amalia-Maria Popescu \u2013 9 ani, clasa a III-a \u2013<\/h2>\n\n\n\n<p><\/p>\n\n\n\n<p>\u00ce\u021bi mul\u021bumesc pentru compunere!<\/p>\n\n\n\n<p>Sunt impresionat\u0103&nbsp;de c\u0103ldura&nbsp;pove\u0219tii&nbsp;despre via\u021ba&nbsp;pisicu\u021bei Marta care a tr\u0103it o experien\u021b\u0103 cam dur\u0103, din cauza neascult\u0103rii&nbsp;sau a nerespect\u0103rii&nbsp;regulilor casei \u00een care tr\u0103ia. \u00cemi place povestea ta deoarece Marta recunoa\u0219te&nbsp;c\u0103 a gre\u0219it \u0219i c\u0103, din suferin\u021ba&nbsp;ei \u2013 pe c\u00e2nd se afla printre str\u0103ini \u2013 a tras ni\u0219te \u00eenv\u0103\u021b\u0103minte. Apreciez, de asemenea, c\u0103 Marta a \u00een\u021beles c\u0103 \u00een momente grele, \u00eentotdeauna&nbsp;cineva ne vine \u00een ajutor.<\/p>\n\n\n\n<p>Cu to\u021bii am observat scrisul t\u0103u \u00eengrijit \u0219i folosirea corect\u0103 a semnelor de punctua\u021bie dar \u0219i pl\u0103cerea ta de a \u00eempodobi numerele din josul paginilor.<\/p>\n\n\n\n<p>Sunt sigur\u0103 c\u0103 \u0219i pictorul Constantin Dip\u0219e (de acolo, departe, unde e plecat), apreciaz\u0103 ideea ta de a \u00eenso\u021bi textul pove\u0219tii cu desene \u00een culori. A\u0219adar, te felicit\u0103m \u0219i \u00ee\u021bi vom oferi ocazia s\u0103 scrii \u0219i alte pove\u0219ti pornind de la tablouri ale pictorului.<\/p>\n\n\n\n<p>\u00ce\u021bi urez succese la \u0219coal\u0103 \u0219i mul\u021bi prieteni cu care s\u0103 te joci.<\/p>\n\n\n\n<p><em>Maria Dip\u0219e<\/em><\/p>\n\n\n<div class=\"wp-block-image\">\n<figure class=\"aligncenter size-large is-resized\"><a href=\"https:\/\/dipse.ro\/maria\/wp-content\/uploads\/2025\/01\/Marta-si-omul-de-zapada_1-mic.jpg\"><img loading=\"lazy\" decoding=\"async\" width=\"731\" height=\"1024\" src=\"https:\/\/dipse.ro\/maria\/wp-content\/uploads\/2025\/01\/Marta-si-omul-de-zapada_1-mic-731x1024.jpg\" alt=\"\" class=\"wp-image-769\" style=\"width:731px;height:auto\" srcset=\"https:\/\/dipse.ro\/maria\/wp-content\/uploads\/2025\/01\/Marta-si-omul-de-zapada_1-mic-731x1024.jpg 731w, https:\/\/dipse.ro\/maria\/wp-content\/uploads\/2025\/01\/Marta-si-omul-de-zapada_1-mic-214x300.jpg 214w, https:\/\/dipse.ro\/maria\/wp-content\/uploads\/2025\/01\/Marta-si-omul-de-zapada_1-mic-768x1075.jpg 768w, https:\/\/dipse.ro\/maria\/wp-content\/uploads\/2025\/01\/Marta-si-omul-de-zapada_1-mic.jpg 857w\" sizes=\"auto, (max-width: 731px) 100vw, 731px\" \/><\/a><\/figure><\/div>\n\n\n<p>                                                          <\/p>\n\n\n<div class=\"wp-block-image\">\n<figure class=\"aligncenter size-large\"><a href=\"https:\/\/dipse.ro\/maria\/wp-content\/uploads\/2025\/01\/Marta-si-omul-de-zapada_2-mic-1.jpg\"><img loading=\"lazy\" decoding=\"async\" width=\"744\" height=\"1024\" src=\"https:\/\/dipse.ro\/maria\/wp-content\/uploads\/2025\/01\/Marta-si-omul-de-zapada_2-mic-1-744x1024.jpg\" alt=\"\" class=\"wp-image-773\" srcset=\"https:\/\/dipse.ro\/maria\/wp-content\/uploads\/2025\/01\/Marta-si-omul-de-zapada_2-mic-1-744x1024.jpg 744w, https:\/\/dipse.ro\/maria\/wp-content\/uploads\/2025\/01\/Marta-si-omul-de-zapada_2-mic-1-218x300.jpg 218w, https:\/\/dipse.ro\/maria\/wp-content\/uploads\/2025\/01\/Marta-si-omul-de-zapada_2-mic-1-768x1057.jpg 768w, https:\/\/dipse.ro\/maria\/wp-content\/uploads\/2025\/01\/Marta-si-omul-de-zapada_2-mic-1.jpg 872w\" sizes=\"auto, (max-width: 744px) 100vw, 744px\" \/><\/a><\/figure><\/div>\n\n\n<p>                                    <\/p>\n\n\n<div class=\"wp-block-image\">\n<figure class=\"aligncenter size-large\"><a href=\"https:\/\/dipse.ro\/maria\/wp-content\/uploads\/2025\/01\/Marta-si-omul-de-zapada_3-mic-1.jpg\"><img loading=\"lazy\" decoding=\"async\" width=\"737\" height=\"1024\" src=\"https:\/\/dipse.ro\/maria\/wp-content\/uploads\/2025\/01\/Marta-si-omul-de-zapada_3-mic-1-737x1024.jpg\" alt=\"\" class=\"wp-image-775\" srcset=\"https:\/\/dipse.ro\/maria\/wp-content\/uploads\/2025\/01\/Marta-si-omul-de-zapada_3-mic-1-737x1024.jpg 737w, https:\/\/dipse.ro\/maria\/wp-content\/uploads\/2025\/01\/Marta-si-omul-de-zapada_3-mic-1-216x300.jpg 216w, https:\/\/dipse.ro\/maria\/wp-content\/uploads\/2025\/01\/Marta-si-omul-de-zapada_3-mic-1-768x1067.jpg 768w, https:\/\/dipse.ro\/maria\/wp-content\/uploads\/2025\/01\/Marta-si-omul-de-zapada_3-mic-1.jpg 864w\" sizes=\"auto, (max-width: 737px) 100vw, 737px\" \/><\/a><\/figure><\/div>","protected":false},"excerpt":{"rendered":"<p>\u2013 Amalia-Maria Popescu \u2013 9 ani, clasa a III-a \u2013 \u00ce\u021bi mul\u021bumesc pentru compunere! Sunt impresionat\u0103&nbsp;de c\u0103ldura&nbsp;pove\u0219tii&nbsp;despre via\u021ba&nbsp;pisicu\u021bei Marta care a tr\u0103it o experien\u021b\u0103 cam dur\u0103, din cauza neascult\u0103rii&nbsp;sau a nerespect\u0103rii&nbsp;regulilor casei \u00een care tr\u0103ia. \u00cemi place povestea ta deoarece Marta recunoa\u0219te&nbsp;c\u0103 a gre\u0219it \u0219i c\u0103, din suferin\u021ba&nbsp;ei \u2013 pe c\u00e2nd se afla printre str\u0103ini [&hellip;]<\/p>\n","protected":false},"author":1,"featured_media":0,"comment_status":"open","ping_status":"open","sticky":false,"template":"","format":"standard","meta":{"footnotes":""},"categories":[326,1],"tags":[348,346,318,226,344,347],"class_list":["post-768","post","type-post","status-publish","format-standard","hentry","category-326","category-fara-categorie","tag-alexandra","tag-amalia-maria-popescu","tag-biserica-greco-catolica","tag-constantin-dipse","tag-marta-si-omul-de-zapada-2","tag-pisica"],"_links":{"self":[{"href":"https:\/\/dipse.ro\/maria\/wp-json\/wp\/v2\/posts\/768","targetHints":{"allow":["GET"]}}],"collection":[{"href":"https:\/\/dipse.ro\/maria\/wp-json\/wp\/v2\/posts"}],"about":[{"href":"https:\/\/dipse.ro\/maria\/wp-json\/wp\/v2\/types\/post"}],"author":[{"embeddable":true,"href":"https:\/\/dipse.ro\/maria\/wp-json\/wp\/v2\/users\/1"}],"replies":[{"embeddable":true,"href":"https:\/\/dipse.ro\/maria\/wp-json\/wp\/v2\/comments?post=768"}],"version-history":[{"count":3,"href":"https:\/\/dipse.ro\/maria\/wp-json\/wp\/v2\/posts\/768\/revisions"}],"predecessor-version":[{"id":776,"href":"https:\/\/dipse.ro\/maria\/wp-json\/wp\/v2\/posts\/768\/revisions\/776"}],"wp:attachment":[{"href":"https:\/\/dipse.ro\/maria\/wp-json\/wp\/v2\/media?parent=768"}],"wp:term":[{"taxonomy":"category","embeddable":true,"href":"https:\/\/dipse.ro\/maria\/wp-json\/wp\/v2\/categories?post=768"},{"taxonomy":"post_tag","embeddable":true,"href":"https:\/\/dipse.ro\/maria\/wp-json\/wp\/v2\/tags?post=768"}],"curies":[{"name":"wp","href":"https:\/\/api.w.org\/{rel}","templated":true}]}}