{"id":782,"date":"2025-02-01T16:39:29","date_gmt":"2025-02-01T14:39:29","guid":{"rendered":"https:\/\/dipse.ro\/maria\/?p=782"},"modified":"2025-02-01T17:24:34","modified_gmt":"2025-02-01T15:24:34","slug":"scrisoare-deschisa-catre-nicolae-breban","status":"publish","type":"post","link":"https:\/\/dipse.ro\/maria\/scrisoare-deschisa-catre-nicolae-breban\/","title":{"rendered":"Scrisoare deschis\u0103 c\u0103tre Nicolae Breban"},"content":{"rendered":"\n<h2 class=\"wp-block-heading\"><strong>Drag\u0103 Nicolae,<\/strong><\/h2>\n\n\n\n<p><br>Oric\u00e2t de multe cuvinte a\u0219 folosi, acestea nu pot cuprinde toate dimensiunile personalit\u0103\u021bii tale ca scriitor \u0219i om de cultur\u0103. Pot \u00eens\u0103, chiar \u00eentr-un singur cuv\u00e2nt \u2013 <strong>loialitate <\/strong>\u2013 s\u0103 definesc &nbsp;leg\u0103tura de prietenie cu pre\u021buire reciproc\u0103 pentru actul de crea\u021bie, dintre tine \u0219i Costan \u2013 so\u021bul meu, pictorul Constantin Dip\u0219e.<\/p>\n\n\n\n<p>La nunta noastr\u0103 de la Palatul Mogo\u0219oaia (1971) \u2013 <em>vernisajul vie\u021bii noastre ca familie<\/em> \u2013 ai cuv\u00e2ntat f\u0103r\u0103 nici o umbr\u0103 de \u00eendoial\u0103 asupra alegerii (so\u021biei) f\u0103cute de prietenul\u00a0 t\u0103u, de\u0219i nu m\u0103 cuno\u0219teai. <em>La vernisajul expozi\u021biei din 1975 de la Simeza<\/em>, (deja Costan devenise \u0219i tat\u0103), te-ai referit la \u00eennoirile, schimb\u0103rile din pictura artistului, subliniind for\u021ba \u0219i intensitatea cromatic\u0103 ce exprimau dragostea de via\u021b\u0103, dorin\u021ba de a tr\u0103i c\u00e2t mai mult, (ceea ce s-a \u0219i \u00eent\u00e2mplat, c\u0103ci a lucrat p\u00e2n\u0103 \u00een ultima zi din cei 93 de ani \u0219i 2 luni). \u0218i, c\u00e2nd toate acestea erau bine statornicite \u00een con\u0219tiin\u021ba comun\u0103, tu, cu o minte larg cuprinz\u0103toare \u0219i ad\u00e2nc sfredelitoare, ai vorbit la <em>vernisajul expozi\u021biei \u201eEsen\u021be\u201d <\/em>din 2009 \u00a0\u0219i mai apoi la dezvelirea Pl\u0103cii Memoriale de pe cl\u0103direa cu ateliere din strada Eforie din Bucure\u0219ti \u2013 despre unicitatea \u2013 \u00een arta rom\u00e2neasc\u0103 \u2013 a tabloului Madona (Maramure\u0219ean\u0103) prin care se face leg\u0103tura cu Rena\u0219terea italian\u0103.<\/p>\n\n\n\n<p>\u00centre timp am devenit \u0219i eu prietena so\u021biei tale, (acum regretata) Cristina.<\/p>\n\n\n\n<p>Dup\u0103 o <em>ne-vedere<\/em> de vreo 3 ani, dar <em>auzire <\/em>\u00een mai multe r\u00e2nduri, eu am fost dornic\u0103 s\u0103 te \u00eent\u00e2lnesc, s\u0103-mi poveste\u0219ti despre aniversarea ta de 90 de ani de anul trecut din 1 Februarie (2024); la r\u00e2ndul meu, s\u0103-\u021bi vorbesc despre activit\u0103\u021bile ini\u021biate pentru Costan, de pild\u0103, expozi\u021bii la Centenarul na\u0219terii lui \u0219i mai apoi, expozi\u021bia prelungit\u0103 c\u00e2\u021biva ani  \u00een aer liber, la Gr\u0103dina Botanic\u0103 din Bucure\u0219ti. Ai apreciat \u0219i omagiul adus de Ionu\u021b, care a parcurs singur pe biciclet\u0103 drumul de la Bucure\u0219ti \u00een satul \u0218urde\u0219ti, o simbolic\u0103 \u00eentoarcere la casa p\u0103rinteasc\u0103, dup\u0103 refugiul din 1940.<\/p>\n\n\n\n<p>Publicarea pe prima pagin\u0103 din <strong><em>Contemporanul  <\/em><\/strong><em>\u2013<\/em> revista pe care o conduci \u2013 a picturii <em>Madona Maramure\u0219ean\u0103<\/em> \u00eencadrat\u0103 de un valoros articol, este <em>rostirea<\/em> pre\u021buirii tale necondi\u021bionate fa\u021b\u0103 de opera lui Constantin Dip\u0219e.<\/p>\n\n\n\n<p>C\u00e2nd ne-am rev\u0103zut (anul acesta, pe 18 ianuarie), am constatat c\u0103 e\u0219ti acela\u0219i neostenit scriitor, c\u0103 e\u0219ti acela\u0219i entuziast vorbitor celor dornici s\u0103 se instruiasc\u0103 despre universul presocraticilor, universul lui Nietzsche, Hegel \u0219i a altor filozofi ale c\u0103ror idei tu nu le reproduci, ci le tr\u0103ie\u0219ti, f\u0103c\u00e2ndu-i p\u0103rta\u0219i \u0219i pe ascult\u0103tori.<\/p>\n\n\n\n<p>\u00cen s\u00e2mb\u0103ta aceea am stat aproape neclintit\u0103 s\u0103 ascult elogiul t\u0103u adus \u0219i filozofului Lucian Blaga, cu \u00eenc\u00e2ntarea pe care cele dou\u0103 peisaje \u2013 tablouri ale lui Constantin Dip\u0219e de pe pere\u021bii sufrageriei tale \u2013 \u021bi-o declan\u0219eaz\u0103 deoarece ilustreaz\u0103 conceptul de <em>Matrice stilistic\u0103 rom\u00e2neasc\u0103<\/em>. \u00cen casa ta \u2013 autor a 20 de romane, 15 c\u0103r\u021bi de memorialistic\u0103 \u0219i a 2 volume de poezii, pictura este ocrotit\u0103 \u0219i binecuv\u00e2ntat\u0103.<\/p>\n\n\n\n<p>Drag\u0103 Nicolae, discursul t\u0103u amplu \u2013 asemenea scrisului&nbsp; t\u0103u \u2013, \u00een volute, de c\u00e2teva ore bune, m-a \u021bintuit \u00eentr-o emo\u021bie constant\u0103 de teama c\u0103 bucla ideii ini\u021biale nu se va \u00eenchide. Dar asta nu se \u00eent\u00e2mpl\u0103 nici \u00een discursul t\u0103u \u0219i cu at\u00e2t mai pu\u021bin, \u00een scrisul t\u0103u.<\/p>\n\n\n\n<p>\u00cempreun\u0103 cu Ionu\u021b, \u00ee\u021bi mul\u021bumim c\u0103 apreciezi efortul nostru de a deschide un centru cultural \u00een Casa natal\u0103 a pictorului \u0219i c\u0103 ne \u00eencurajezi s\u0103 continu\u0103m. \u00cencrederea ta \u0219i bucuria ta c\u0103 suntem harnici \u0219i c\u0103 nu \u021binem seama de obstacole, ne dau puteri. Drag\u0103 Nicolae, \u021bie, <strong>maestrul cuv\u00e2ntului, <\/strong>\u00ee\u021bi mul\u021bumesc c\u0103 ne consideri \u2013 pe mine \u0219i pe Ionu\u021b \u2013 cu bucurie \u0219i apreciere, continuatorii <strong>prieteniei lui Costan pentru tine.<\/strong><\/p>\n\n\n\n<p><strong>La mul\u021bi ani, azi de ziua ta, 1 februarie!<\/strong><\/p>\n\n\n\n<p>M\u0103riuca<\/p>\n","protected":false},"excerpt":{"rendered":"<p>Drag\u0103 Nicolae, Oric\u00e2t de multe cuvinte a\u0219 folosi, acestea nu pot cuprinde toate dimensiunile personalit\u0103\u021bii tale ca scriitor \u0219i om de cultur\u0103. Pot \u00eens\u0103, chiar \u00eentr-un singur cuv\u00e2nt \u2013 loialitate \u2013 s\u0103 definesc &nbsp;leg\u0103tura de prietenie cu pre\u021buire reciproc\u0103 pentru actul de crea\u021bie, dintre tine \u0219i Costan \u2013 so\u021bul meu, pictorul Constantin Dip\u0219e. La nunta [&hellip;]<\/p>\n","protected":false},"author":1,"featured_media":0,"comment_status":"open","ping_status":"open","sticky":false,"template":"","format":"standard","meta":{"footnotes":""},"categories":[326,1],"tags":[355,351,354,226,358,357,356,353,352,266],"class_list":["post-782","post","type-post","status-publish","format-standard","hentry","category-326","category-fara-categorie","tag-1-februarie","tag-91-ani","tag-aniversare","tag-constantin-dipse","tag-contemporanul","tag-loialitate","tag-madona-maramureseana","tag-mariuca-dipse","tag-nicolae-breban","tag-prietenie"],"_links":{"self":[{"href":"https:\/\/dipse.ro\/maria\/wp-json\/wp\/v2\/posts\/782","targetHints":{"allow":["GET"]}}],"collection":[{"href":"https:\/\/dipse.ro\/maria\/wp-json\/wp\/v2\/posts"}],"about":[{"href":"https:\/\/dipse.ro\/maria\/wp-json\/wp\/v2\/types\/post"}],"author":[{"embeddable":true,"href":"https:\/\/dipse.ro\/maria\/wp-json\/wp\/v2\/users\/1"}],"replies":[{"embeddable":true,"href":"https:\/\/dipse.ro\/maria\/wp-json\/wp\/v2\/comments?post=782"}],"version-history":[{"count":6,"href":"https:\/\/dipse.ro\/maria\/wp-json\/wp\/v2\/posts\/782\/revisions"}],"predecessor-version":[{"id":788,"href":"https:\/\/dipse.ro\/maria\/wp-json\/wp\/v2\/posts\/782\/revisions\/788"}],"wp:attachment":[{"href":"https:\/\/dipse.ro\/maria\/wp-json\/wp\/v2\/media?parent=782"}],"wp:term":[{"taxonomy":"category","embeddable":true,"href":"https:\/\/dipse.ro\/maria\/wp-json\/wp\/v2\/categories?post=782"},{"taxonomy":"post_tag","embeddable":true,"href":"https:\/\/dipse.ro\/maria\/wp-json\/wp\/v2\/tags?post=782"}],"curies":[{"name":"wp","href":"https:\/\/api.w.org\/{rel}","templated":true}]}}