{"id":799,"date":"2025-03-14T17:05:44","date_gmt":"2025-03-14T15:05:44","guid":{"rendered":"https:\/\/dipse.ro\/maria\/?p=799"},"modified":"2025-03-14T21:33:22","modified_gmt":"2025-03-14T19:33:22","slug":"mantia-luminoasa","status":"publish","type":"post","link":"https:\/\/dipse.ro\/maria\/mantia-luminoasa\/","title":{"rendered":"Mantia luminoas\u0103"},"content":{"rendered":"\n<p>\u021ainut\u0103 \u00een \u00eentuneric \u0219i ferecat\u0103 cu lac\u0103te de regimul comunist, biserica greco-catolic\u0103 din Bucure\u0219ti \u201eAdormirea Maicii Domnului\u201d din strada Acvila\/Sirenelor \u0219i-a redeschis por\u021bile dup\u0103 1990.<br>Rug\u0103ciunile preo\u021bilor care au slujit,\u00a0dimpreun\u0103 cu enoria\u0219ii \u2013 cei mai mul\u021bi, ardeleni, refugia\u021bi sau locuitori aici prin voia Domnului,\u00a0au \u00eenc\u0103lzit acest l\u0103ca\u0219 mult r\u0103bd\u0103tor \u0219i a\u0219tept\u0103tor.<br>Sfe\u0219nicele \u0219i candelabrele s-au reaprins \u0219i lumina lor \u00eenso\u021be\u0219te Liturghia de fiecare zi, precedat\u0103 de rostirea Rozariului \u00eenchinat Maicii Domnului, obicei statornicit prin r\u00e2vna \u0219i st\u0103ruin\u021ba p\u0103rintelui Constantin Oltean.<br>Dar, de c\u00e2teva zile, biserica noastr\u0103 a primit o \u201emantie luminoas\u0103\u201d pentru timp de noapte \u2013 mai multe reflectoare exterioare st\u00e2rnesc netezimea zidurilor albe ale l\u0103ca\u0219ului cu arhitectur\u0103 simpl\u0103 \u0219i totu\u0219i zvelt\u0103, invit\u00e2nd g\u00e2ndul s\u0103 se \u00eenal\u021be c\u0103tre Cer.<br>Aici, la biseric\u0103, alerg\u0103m s\u0103 sc\u0103p\u0103m de griji \u0219i \u00eengrijor\u0103ri, aici, prin rug\u0103ciune, cerem harul de care avem nevoie.<br>Mul\u021bumim, P\u0103rinte Cristian Ioanette -\u2013 recent p\u0103stor al nostru \u2013 pentru \u201eve\u0219m\u00e2ntul\u201d nou , \u201emantia luminoas\u0103\u201d cu care se \u00eempodobe\u0219te biserica noastr\u0103 prin grija dumneavoastr\u0103, preg\u0103tindu-se de Sfintele Pa\u0219ti \u00een anul 2025.\u00a0<\/p>\n\n\n\n<p>Articol scris in trenul Bucure\u0219ti &#8211; R\u0103zboieni,<\/p>\n\n\n\n<p> 13 martie 2025<\/p>\n\n\n\n<figure class=\"wp-block-image size-large\"><a href=\"https:\/\/dipse.ro\/maria\/wp-content\/uploads\/2025\/03\/WhatsApp-Image-2025-03-14-at-12.12.32.jpeg\"><img loading=\"lazy\" decoding=\"async\" width=\"1024\" height=\"768\" src=\"https:\/\/dipse.ro\/maria\/wp-content\/uploads\/2025\/03\/WhatsApp-Image-2025-03-14-at-12.12.32-1024x768.jpeg\" alt=\"\" class=\"wp-image-800\" srcset=\"https:\/\/dipse.ro\/maria\/wp-content\/uploads\/2025\/03\/WhatsApp-Image-2025-03-14-at-12.12.32-1024x768.jpeg 1024w, https:\/\/dipse.ro\/maria\/wp-content\/uploads\/2025\/03\/WhatsApp-Image-2025-03-14-at-12.12.32-300x225.jpeg 300w, https:\/\/dipse.ro\/maria\/wp-content\/uploads\/2025\/03\/WhatsApp-Image-2025-03-14-at-12.12.32-768x576.jpeg 768w, https:\/\/dipse.ro\/maria\/wp-content\/uploads\/2025\/03\/WhatsApp-Image-2025-03-14-at-12.12.32-1536x1152.jpeg 1536w, https:\/\/dipse.ro\/maria\/wp-content\/uploads\/2025\/03\/WhatsApp-Image-2025-03-14-at-12.12.32.jpeg 1600w\" sizes=\"auto, (max-width: 1024px) 100vw, 1024px\" \/><\/a><\/figure>\n","protected":false},"excerpt":{"rendered":"<p>\u021ainut\u0103 \u00een \u00eentuneric \u0219i ferecat\u0103 cu lac\u0103te de regimul comunist, biserica greco-catolic\u0103 din Bucure\u0219ti \u201eAdormirea Maicii Domnului\u201d din strada Acvila\/Sirenelor \u0219i-a redeschis por\u021bile dup\u0103 1990.Rug\u0103ciunile preo\u021bilor care au slujit,\u00a0dimpreun\u0103 cu enoria\u0219ii \u2013 cei mai mul\u021bi, ardeleni, refugia\u021bi sau locuitori aici prin voia Domnului,\u00a0au \u00eenc\u0103lzit acest l\u0103ca\u0219 mult r\u0103bd\u0103tor \u0219i a\u0219tept\u0103tor.Sfe\u0219nicele \u0219i candelabrele s-au reaprins \u0219i [&hellip;]<\/p>\n","protected":false},"author":1,"featured_media":0,"comment_status":"open","ping_status":"open","sticky":false,"template":"","format":"standard","meta":{"footnotes":""},"categories":[326,1],"tags":[384,377,378,383,381,382,379,380],"class_list":["post-799","post","type-post","status-publish","format-standard","hentry","category-326","category-fara-categorie","tag-384","tag-adormirea-maicii-domnului-2","tag-biserica-greco-catolica-2","tag-paste","tag-preot-constantin-oltean","tag-preot-cristian-ioanette","tag-strada-acvila","tag-strada-sirenelor"],"_links":{"self":[{"href":"https:\/\/dipse.ro\/maria\/wp-json\/wp\/v2\/posts\/799","targetHints":{"allow":["GET"]}}],"collection":[{"href":"https:\/\/dipse.ro\/maria\/wp-json\/wp\/v2\/posts"}],"about":[{"href":"https:\/\/dipse.ro\/maria\/wp-json\/wp\/v2\/types\/post"}],"author":[{"embeddable":true,"href":"https:\/\/dipse.ro\/maria\/wp-json\/wp\/v2\/users\/1"}],"replies":[{"embeddable":true,"href":"https:\/\/dipse.ro\/maria\/wp-json\/wp\/v2\/comments?post=799"}],"version-history":[{"count":3,"href":"https:\/\/dipse.ro\/maria\/wp-json\/wp\/v2\/posts\/799\/revisions"}],"predecessor-version":[{"id":805,"href":"https:\/\/dipse.ro\/maria\/wp-json\/wp\/v2\/posts\/799\/revisions\/805"}],"wp:attachment":[{"href":"https:\/\/dipse.ro\/maria\/wp-json\/wp\/v2\/media?parent=799"}],"wp:term":[{"taxonomy":"category","embeddable":true,"href":"https:\/\/dipse.ro\/maria\/wp-json\/wp\/v2\/categories?post=799"},{"taxonomy":"post_tag","embeddable":true,"href":"https:\/\/dipse.ro\/maria\/wp-json\/wp\/v2\/tags?post=799"}],"curies":[{"name":"wp","href":"https:\/\/api.w.org\/{rel}","templated":true}]}}