{"id":811,"date":"2025-04-25T14:14:28","date_gmt":"2025-04-25T12:14:28","guid":{"rendered":"https:\/\/dipse.ro\/maria\/?p=811"},"modified":"2025-04-25T15:46:28","modified_gmt":"2025-04-25T13:46:28","slug":"florile-albe-ale-invierii-2025","status":"publish","type":"post","link":"https:\/\/dipse.ro\/maria\/florile-albe-ale-invierii-2025\/","title":{"rendered":"Florile albe ale \u00cenvierii (2025)"},"content":{"rendered":"\n<p>Biserica noastr\u0103 greco-catolic\u0103 din Bucure\u0219ti, cu hramul \u201eAdormirea Maicii Domnului\u201d este \u00eembr\u0103\u021bi\u0219at\u0103 de o gr\u0103din\u0103 \u00een care, la vremea Sfintelor Pa\u0219ti, \u00eenflore\u0219te <strong>liliacul alb<\/strong>.<br>Unul mai viguros, \u0219i-a \u00een\u0103l\u021bat coroana \u00eentr-at\u00e2t, \u00eenc\u00e2t s\u0103 poat\u0103 rev\u0103rsa peste noi sclipiri \u0219i parfum din minusculele petale. Cel\u0103lalt, mai firav, la fiecare adiere de v\u00e2nt bate cu cele c\u00e2teva ramuri \u00eenflorite \u00een fereastra \u00eengust\u0103 \u0219i \u00eenalt\u0103 a stranei din st\u00e2nga bisericii, culeg\u00e2nd priviri furi\u0219e ale c\u00e2nt\u0103re\u021bilor grupa\u021bi \u00een strana din dreapta.<\/p>\n\n\n\n<figure class=\"wp-block-image size-large\"><a href=\"https:\/\/dipse.ro\/maria\/wp-content\/uploads\/2025\/04\/01-prelw.jpg\"><img loading=\"lazy\" decoding=\"async\" width=\"768\" height=\"1024\" src=\"https:\/\/dipse.ro\/maria\/wp-content\/uploads\/2025\/04\/01-prelw-768x1024.jpg\" alt=\"\" class=\"wp-image-812\" srcset=\"https:\/\/dipse.ro\/maria\/wp-content\/uploads\/2025\/04\/01-prelw-768x1024.jpg 768w, https:\/\/dipse.ro\/maria\/wp-content\/uploads\/2025\/04\/01-prelw-225x300.jpg 225w, https:\/\/dipse.ro\/maria\/wp-content\/uploads\/2025\/04\/01-prelw.jpg 900w\" sizes=\"auto, (max-width: 768px) 100vw, 768px\" \/><\/a><\/figure>\n\n\n\n<p>\u00cen timp, \u00een fiecare l\u0103ca\u0219 bisericesc se statornicesc obiceiuri \u00een care comunitatea se implic\u0103 \u0219i distribuie ac\u021biuni (misiuni) de amploare mai mic\u0103 sau mai mare, toate \u00eenc\u0103rcate cu semnifica\u021bie maxim\u0103, pentru cei care o descifreaz\u0103. De \u00eempodobirea bisericii noastre cu flori pentru Sfintele Pa\u0219ti 2025, am v\u0103zut-o ocup\u00e2ndu-se pe Simona Nicoar\u0103, colega noastr\u0103 de la cor.<\/p>\n\n\n\n<figure class=\"wp-block-image size-full\"><a href=\"https:\/\/dipse.ro\/maria\/wp-content\/uploads\/2025\/04\/03-prelw.jpg\"><img loading=\"lazy\" decoding=\"async\" width=\"900\" height=\"678\" src=\"https:\/\/dipse.ro\/maria\/wp-content\/uploads\/2025\/04\/03-prelw.jpg\" alt=\"\" class=\"wp-image-814\" srcset=\"https:\/\/dipse.ro\/maria\/wp-content\/uploads\/2025\/04\/03-prelw.jpg 900w, https:\/\/dipse.ro\/maria\/wp-content\/uploads\/2025\/04\/03-prelw-300x226.jpg 300w, https:\/\/dipse.ro\/maria\/wp-content\/uploads\/2025\/04\/03-prelw-768x579.jpg 768w\" sizes=\"auto, (max-width: 900px) 100vw, 900px\" \/><\/a><\/figure>\n\n\n\n<p>Mai \u00eent\u00e2i, nelipsitul buchet miniatural de <strong>trandafiri albi<\/strong>, ce par s\u0103 se \u00eenchine icoanei <em>Adormirea Maicii Domnului<\/em>, a\u0219ezat\u0103 \u00een naosul bisericii.<\/p>\n\n\n\n<figure class=\"wp-block-image size-large\"><a href=\"https:\/\/dipse.ro\/maria\/wp-content\/uploads\/2025\/04\/04-prelw.jpg\"><img loading=\"lazy\" decoding=\"async\" width=\"771\" height=\"1024\" src=\"https:\/\/dipse.ro\/maria\/wp-content\/uploads\/2025\/04\/04-prelw-771x1024.jpg\" alt=\"\" class=\"wp-image-815\" srcset=\"https:\/\/dipse.ro\/maria\/wp-content\/uploads\/2025\/04\/04-prelw-771x1024.jpg 771w, https:\/\/dipse.ro\/maria\/wp-content\/uploads\/2025\/04\/04-prelw-226x300.jpg 226w, https:\/\/dipse.ro\/maria\/wp-content\/uploads\/2025\/04\/04-prelw-768x1020.jpg 768w, https:\/\/dipse.ro\/maria\/wp-content\/uploads\/2025\/04\/04-prelw.jpg 900w\" sizes=\"auto, (max-width: 771px) 100vw, 771px\" \/><\/a><\/figure>\n\n\n\n<p>Apoi, buchetul generos de <strong>crini albi imperiali<\/strong> a\u0219eza\u021bi la picioarele <em>Maicii Domnului cu Pruncul \u00een bra\u021be<\/em> \u2013 pictura de pe catapeteasm\u0103, \u00een dreapta U\u0219ii \u00cemp\u0103r\u0103te\u0219ti. Cupele florilor par s\u0103-\u0219i fi \u00eemprumutat albul din virtu\u021bile unice ale Fecioarei Maria, cuprinz\u00e2nd parc\u0103 toate rug\u0103ciunile pe care i le adres\u0103m \u0219i c\u00e2ntecele pe care i le \u00eenchin\u0103m.<\/p>\n\n\n\n<figure class=\"wp-block-image size-large\"><a href=\"https:\/\/dipse.ro\/maria\/wp-content\/uploads\/2025\/04\/05-prelw.jpg\"><img loading=\"lazy\" decoding=\"async\" width=\"771\" height=\"1024\" src=\"https:\/\/dipse.ro\/maria\/wp-content\/uploads\/2025\/04\/05-prelw-771x1024.jpg\" alt=\"\" class=\"wp-image-816\" srcset=\"https:\/\/dipse.ro\/maria\/wp-content\/uploads\/2025\/04\/05-prelw-771x1024.jpg 771w, https:\/\/dipse.ro\/maria\/wp-content\/uploads\/2025\/04\/05-prelw-226x300.jpg 226w, https:\/\/dipse.ro\/maria\/wp-content\/uploads\/2025\/04\/05-prelw-768x1020.jpg 768w, https:\/\/dipse.ro\/maria\/wp-content\/uploads\/2025\/04\/05-prelw.jpg 900w\" sizes=\"auto, (max-width: 771px) 100vw, 771px\" \/><\/a><\/figure>\n\n\n\n<p>\u00cen st\u00e2nga U\u0219ii \u00cemp\u0103r\u0103te\u0219ti, mul\u021bimea bobocilor din buchetul de <strong>crini albi imperiali<\/strong> stau gata s\u0103 \u00eenfloreasc\u0103 \u0219i s\u0103 r\u0103sp\u00e2ndeasc\u0103 \u2013 prin t\u0103ria parfumului lor \u2013 \u00eenv\u0103\u021b\u0103tura unic\u0103 dar universal\u0103 descins\u0103 din <em>cartea <\/em>pe care ne-o arat\u0103<em> Iisus \u00cenv\u0103\u021b\u0103torul<\/em>, din icoana pictat\u0103 pe catapeteasm\u0103.<\/p>\n\n\n\n<figure class=\"wp-block-image size-large\"><a href=\"https:\/\/dipse.ro\/maria\/wp-content\/uploads\/2025\/04\/06-prelw.jpg\"><img loading=\"lazy\" decoding=\"async\" width=\"673\" height=\"1024\" src=\"https:\/\/dipse.ro\/maria\/wp-content\/uploads\/2025\/04\/06-prelw-673x1024.jpg\" alt=\"\" class=\"wp-image-817\" srcset=\"https:\/\/dipse.ro\/maria\/wp-content\/uploads\/2025\/04\/06-prelw-673x1024.jpg 673w, https:\/\/dipse.ro\/maria\/wp-content\/uploads\/2025\/04\/06-prelw-197x300.jpg 197w, https:\/\/dipse.ro\/maria\/wp-content\/uploads\/2025\/04\/06-prelw-768x1169.jpg 768w, https:\/\/dipse.ro\/maria\/wp-content\/uploads\/2025\/04\/06-prelw.jpg 900w\" sizes=\"auto, (max-width: 673px) 100vw, 673px\" \/><\/a><\/figure>\n\n\n\n<p>Privind cu afec\u021biune cele dou\u0103 buchete de crini albi, simbol al regalit\u0103\u021bii, resim\u021bim to\u021bi \u00eempreun\u0103 o emo\u021bie profund\u0103, dincolo de mesajele unice \u0219i distincte pe care fiecare le accept\u0103, dup\u0103 chemarea lui.<\/p>\n\n\n\n<p>Prin m\u00e2na destoinic\u0103 a Simonei, \u00eendrumat\u0103 de gustul s\u0103u estetic \u0219i de sensibilitatea sa pentru frumos, au fost \u00eempodobite tot cu flori albe lum\u00e2n\u0103rile folosite la \u00cenviere \u0219i \u00een S\u0103pt\u0103m\u00e2na Luminat\u0103.<\/p>\n\n\n\n<figure class=\"wp-block-image size-large\"><a href=\"https:\/\/dipse.ro\/maria\/wp-content\/uploads\/2025\/04\/02-prelw-1.jpg\"><img loading=\"lazy\" decoding=\"async\" width=\"771\" height=\"1024\" src=\"https:\/\/dipse.ro\/maria\/wp-content\/uploads\/2025\/04\/02-prelw-1-771x1024.jpg\" alt=\"\" class=\"wp-image-818\" srcset=\"https:\/\/dipse.ro\/maria\/wp-content\/uploads\/2025\/04\/02-prelw-1-771x1024.jpg 771w, https:\/\/dipse.ro\/maria\/wp-content\/uploads\/2025\/04\/02-prelw-1-226x300.jpg 226w, https:\/\/dipse.ro\/maria\/wp-content\/uploads\/2025\/04\/02-prelw-1-768x1019.jpg 768w, https:\/\/dipse.ro\/maria\/wp-content\/uploads\/2025\/04\/02-prelw-1.jpg 904w\" sizes=\"auto, (max-width: 771px) 100vw, 771px\" \/><\/a><\/figure>\n\n\n\n<p>\u00cen noaptea \u00cenvierii, P\u0103rintele Cristian Ioanette ne-a chemat pe to\u021bi \u00een jurul s\u0103u \u0219i cu generozitate, ne-a ajutat pe fiecare s\u0103 lu\u0103m lumin\u0103 de la acest <em>sfe\u0219nic <\/em>\u00eempodobit cu <strong>orhidee alb\u0103,<\/strong> una dintre cele mai frumoase \u0219i elegante flori din lume.<\/p>\n\n\n\n<figure class=\"wp-block-image size-large\"><a href=\"https:\/\/dipse.ro\/maria\/wp-content\/uploads\/2025\/04\/07-prelw.jpg\"><img loading=\"lazy\" decoding=\"async\" width=\"771\" height=\"1024\" src=\"https:\/\/dipse.ro\/maria\/wp-content\/uploads\/2025\/04\/07-prelw-771x1024.jpg\" alt=\"\" class=\"wp-image-819\" srcset=\"https:\/\/dipse.ro\/maria\/wp-content\/uploads\/2025\/04\/07-prelw-771x1024.jpg 771w, https:\/\/dipse.ro\/maria\/wp-content\/uploads\/2025\/04\/07-prelw-226x300.jpg 226w, https:\/\/dipse.ro\/maria\/wp-content\/uploads\/2025\/04\/07-prelw-768x1020.jpg 768w, https:\/\/dipse.ro\/maria\/wp-content\/uploads\/2025\/04\/07-prelw.jpg 900w\" sizes=\"auto, (max-width: 771px) 100vw, 771px\" \/><\/a><\/figure>\n\n\n\n<p>La r\u00e2ndul s\u0103u, P\u0103rintele Constantin Oltean ne d\u0103 binecuv\u00e2ntare ori de c\u00e2te ori sluje\u0219te \u00een S\u0103pt\u0103m\u00e2na Luminat\u0103, purt\u00e2nd aceea\u0219i <em>lumin\u0103<\/em> \u00eenfrumuse\u021bat\u0103 de orhideea alb\u0103.<\/p>\n\n\n\n<figure class=\"wp-block-image size-full\"><a href=\"https:\/\/dipse.ro\/maria\/wp-content\/uploads\/2025\/04\/08-prelw.jpg\"><img loading=\"lazy\" decoding=\"async\" width=\"900\" height=\"678\" src=\"https:\/\/dipse.ro\/maria\/wp-content\/uploads\/2025\/04\/08-prelw.jpg\" alt=\"\" class=\"wp-image-820\" srcset=\"https:\/\/dipse.ro\/maria\/wp-content\/uploads\/2025\/04\/08-prelw.jpg 900w, https:\/\/dipse.ro\/maria\/wp-content\/uploads\/2025\/04\/08-prelw-300x226.jpg 300w, https:\/\/dipse.ro\/maria\/wp-content\/uploads\/2025\/04\/08-prelw-768x579.jpg 768w\" sizes=\"auto, (max-width: 900px) 100vw, 900px\" \/><\/a><\/figure>\n\n\n\n<p>\u00cen albul liliacului, al trandafirilor, al crinilor imperiali, \u00een albul orhideelor ce \u00eempodobesc biserica noastr\u0103, resim\u021bim perfec\u021biunea spre care tindem fiecare prin efortul nostru, acea dorin\u021b\u0103 de a r\u0103sp\u00e2ndi \u00een jur, stim\u0103, prietenie \u0219i dragoste. Albul <em>Florilor \u00cenvierii<\/em> ne \u00eentip\u0103re\u0219te lumin\u0103 \u0219i ne s\u0103de\u0219te sentimente de noble\u021be \u0219i puritate izvor\u00e2te din \u00eens\u0103\u0219i esen\u021ba regalit\u0103\u021bii Fecioarei Maria \u0219i a Fiului s\u0103u Iisus Hristos.<\/p>\n\n\n\n<p class=\"has-text-align-center\"><strong>Albul nu este culoare<\/strong>!<\/p>\n\n\n\n<p>Pictorul Constantin Dip\u0219e ne spunea c\u0103 <strong>albul nu este culoare<\/strong>, iar S\u0103rb\u0103toarea Sfintelor Pa\u0219ti din 2025, ne-a convins, o dat\u0103 \u00een plus, c\u0103 pictorul are deplin\u0103 dreptate. \u00cen tabloul <strong><em>Amintiri din copil\u0103rie<\/em><\/strong>, pictorul Constantin Dip\u0219e folose\u0219te <strong>lumina str\u0103lucitoare a albului <\/strong>ca s\u0103 zugr\u0103veasc\u0103 chiar \u0219i truda zilnic\u0103 a \u021b\u0103ranului \u00eempov\u0103rat de griji \u0219i osteneal\u0103 dar care \u00eengenuncheaz\u0103 \u00een rug\u0103ciuni \u00eenchinate Fecioarei Maria \u0219i Fiului s\u0103u R\u0103stignit \u0219i apoi, \u00cenviat.<br><br><strong><\/strong><\/p>\n\n\n\n<p class=\"has-text-align-center\"><strong>Albul<\/strong> <strong>este lumin\u0103!<\/strong><\/p>\n\n\n<div class=\"wp-block-image\">\n<figure class=\"aligncenter size-full\"><a href=\"https:\/\/dipse.ro\/maria\/wp-content\/uploads\/2025\/04\/Felcitare-Amintiri-din-copilarie.jpg\"><img loading=\"lazy\" decoding=\"async\" width=\"461\" height=\"705\" src=\"https:\/\/dipse.ro\/maria\/wp-content\/uploads\/2025\/04\/Felcitare-Amintiri-din-copilarie.jpg\" alt=\"\" class=\"wp-image-822\" srcset=\"https:\/\/dipse.ro\/maria\/wp-content\/uploads\/2025\/04\/Felcitare-Amintiri-din-copilarie.jpg 461w, https:\/\/dipse.ro\/maria\/wp-content\/uploads\/2025\/04\/Felcitare-Amintiri-din-copilarie-196x300.jpg 196w\" sizes=\"auto, (max-width: 461px) 100vw, 461px\" \/><\/a><\/figure><\/div>","protected":false},"excerpt":{"rendered":"<p>Biserica noastr\u0103 greco-catolic\u0103 din Bucure\u0219ti, cu hramul \u201eAdormirea Maicii Domnului\u201d este \u00eembr\u0103\u021bi\u0219at\u0103 de o gr\u0103din\u0103 \u00een care, la vremea Sfintelor Pa\u0219ti, \u00eenflore\u0219te liliacul alb.Unul mai viguros, \u0219i-a \u00een\u0103l\u021bat coroana \u00eentr-at\u00e2t, \u00eenc\u00e2t s\u0103 poat\u0103 rev\u0103rsa peste noi sclipiri \u0219i parfum din minusculele petale. Cel\u0103lalt, mai firav, la fiecare adiere de v\u00e2nt bate cu cele c\u00e2teva ramuri [&hellip;]<\/p>\n","protected":false},"author":1,"featured_media":0,"comment_status":"open","ping_status":"open","sticky":false,"template":"","format":"standard","meta":{"footnotes":""},"categories":[326,1,386],"tags":[390,226,388,393,391,389,227,383,387],"class_list":["post-811","post","type-post","status-publish","format-standard","hentry","category-326","category-fara-categorie","category-paste","tag-alb","tag-constantin-dipse","tag-constantin-oltean","tag-crini","tag-cristian-ioanette","tag-lumina","tag-maria-dipse","tag-paste","tag-simona-nicoara"],"_links":{"self":[{"href":"https:\/\/dipse.ro\/maria\/wp-json\/wp\/v2\/posts\/811","targetHints":{"allow":["GET"]}}],"collection":[{"href":"https:\/\/dipse.ro\/maria\/wp-json\/wp\/v2\/posts"}],"about":[{"href":"https:\/\/dipse.ro\/maria\/wp-json\/wp\/v2\/types\/post"}],"author":[{"embeddable":true,"href":"https:\/\/dipse.ro\/maria\/wp-json\/wp\/v2\/users\/1"}],"replies":[{"embeddable":true,"href":"https:\/\/dipse.ro\/maria\/wp-json\/wp\/v2\/comments?post=811"}],"version-history":[{"count":2,"href":"https:\/\/dipse.ro\/maria\/wp-json\/wp\/v2\/posts\/811\/revisions"}],"predecessor-version":[{"id":824,"href":"https:\/\/dipse.ro\/maria\/wp-json\/wp\/v2\/posts\/811\/revisions\/824"}],"wp:attachment":[{"href":"https:\/\/dipse.ro\/maria\/wp-json\/wp\/v2\/media?parent=811"}],"wp:term":[{"taxonomy":"category","embeddable":true,"href":"https:\/\/dipse.ro\/maria\/wp-json\/wp\/v2\/categories?post=811"},{"taxonomy":"post_tag","embeddable":true,"href":"https:\/\/dipse.ro\/maria\/wp-json\/wp\/v2\/tags?post=811"}],"curies":[{"name":"wp","href":"https:\/\/api.w.org\/{rel}","templated":true}]}}